{"id":56368,"date":"2023-06-12T19:05:14","date_gmt":"2023-06-13T00:05:14","guid":{"rendered":"http:\/\/www.zonaroja.com.mx\/?p=56368"},"modified":"2023-06-12T19:05:17","modified_gmt":"2023-06-13T00:05:17","slug":"policia-estatal-que-presuntamente-mato-a-indigena-de-nochixtlan-sigue-laborando","status":"publish","type":"post","link":"https:\/\/zonaroja.com.mx\/?p=56368","title":{"rendered":"Polic\u00eda Estatal que presuntamente mat\u00f3 a ind\u00edgena de Nochixtl\u00e1n sigue laborando"},"content":{"rendered":"\n<p>Yuridiana Sosa\/Zona Roja.<\/p>\n\n\n\n<p>Oaxaca de Ju\u00e1rez, Oax., a 12 de junio de 2023.- A casi siete a\u00f1os de los hechos violentos de Asunci\u00f3n Nochixtl\u00e1n, el Polic\u00eda Estatal Ismael M.D. fue liberado de su presunta responsabilidad en el asesinato de \u00d3scar Nicol\u00e1s Santiago.<\/p>\n\n\n\n<p>La madre del joven estuvo hoy en una conferencia de prensa en la ciudad de Oaxaca, para exigir justicia, pues hasta ahora s\u00f3lo ha encontrado discriminaci\u00f3n en el caso, por \u201cser ind\u00edgena, campesina y pobre\u201d.<\/p>\n\n\n\n<p>Con pesar sobre los hechos, este lunes la se\u00f1ora Rutila Santiago Cruz demand\u00f3 al juez federal \u00c1lvaro Ni\u00f1o Cruz justicia y una explicaci\u00f3n del motivo para dejar en libertad al responsable de la muerte de su hijo ocurrida por la agresi\u00f3n armada de la Polic\u00eda Estatal el 19 de junio de 2016.<\/p>\n\n\n\n<p>\u201cNo s\u00e9 por qu\u00e9 no nos hacen caso las autoridades, tal vez porque soy ind\u00edgena, campesino, soy pobre\u201d, cuestion\u00f3 la mujer, quien al mismo tiempo rog\u00f3 por justicia.<\/p>\n\n\n\n<p>\u201cAhora \u00e9l (polic\u00eda) anda por las calles muy libre, muy contento\u201d, conden\u00f3 la madre de \u00d3scar Navarro Santiago, acompa\u00f1ada por el Comit\u00e9 de V\u00edctimas de Nochixtl\u00e1n.<\/p>\n\n\n\n<p>PREVALECE IMPUNIDAD<\/p>\n\n\n\n<p>El Comit\u00e9 de V\u00edctimas inform\u00f3 que el pasado 9 de junio, el juez federal \u00c1lvaro Ni\u00f1o Cruz otorg\u00f3 la libertad para Ismael M. D., elemento de la Polic\u00eda Estatal de Oaxaca acusado de homicidio doloso.<\/p>\n\n\n\n<p>Sus integrantes informaron que se trata del mismo que decidi\u00f3 exonerar de facto a Enrique Pe\u00f1a Nieto por el caso Nochixtl\u00e1n y el mismo que decidi\u00f3 no imponer la prisi\u00f3n preventiva a Luis Enrique Cobi\u00e1n L\u00f3pez y Jorge Isaac Trujillo Morales, tambi\u00e9n procesados penalmente por sus omisiones durante el operativo.<\/p>\n\n\n\n<p>Agregaron que, adem\u00e1s, es el mismo juez que liber\u00f3 en 2022 a los acusados de transportar m\u00e1s de 600 kilos de drogas en las cercan\u00edas de las playas de Huatulco, y recientemente no vincular a proceso a ex servidores p\u00fablicos relacionados con el \u201cc\u00e1rtel del despojo\u201d en Oaxaca.<\/p>\n\n\n\n<figure class=\"wp-block-embed is-type-rich is-provider-twitter wp-block-embed-twitter\"><div class=\"wp-block-embed__wrapper\">\n<div class=\"twitter-tweet\"><blockquote class=\"twitter-tweet\" data-lang=\"es\"><p lang=\"es\" dir=\"ltr\">Ella es la se\u00f1ora Rutilia Santiago Cruz, madre de \u00d3scar Nicol\u00e1s Santiago, quien fue asesinado en los hechos violentos del 19 de junio de 2016 en Nochixtl\u00e1n, presuntamente por el polic\u00eda estatal Ismael M. D., quien fue exculpado el pasado viernes por un juez federal. <br>\u201cPor qu\u00e9\u2026 <a href=\"https:\/\/t.co\/IkMImCfp2W\">pic.twitter.com\/IkMImCfp2W<\/a><\/p>&mdash; Zona Roja Oaxaca (@ZonaRoja_Oaxaca) <a href=\"https:\/\/twitter.com\/ZonaRoja_Oaxaca\/status\/1668377800024424448?ref_src=twsrc%5Etfw\">12 de junio de 2023<\/a><\/blockquote><\/div>\n<\/div><\/figure>\n\n\n\n<p>Pero la impunidad, apuntaron, tambi\u00e9n viene del gobierno de Oaxaca, pues el elemento sigue activo como Polic\u00eda Estatal.<\/p>\n\n\n\n<p>\u201cLa liberaci\u00f3n de Ismael M.D. representa un caso grave de impunidad, pues no s\u00f3lo es el asesino de una de las v\u00edctimas en Nochixtl\u00e1n, sino tambi\u00e9n fue el responsable de la muerte de otra persona en las inmediaciones de Trinidad de Viguera en la continuaci\u00f3n del operativo de aquel 19 de junio de 2016\u201d.<\/p>\n\n\n\n<p>Por lo que, tras la liberaci\u00f3n del elemento, responsabilizaron al Juez y al gobierno estatal de cualquier agresi\u00f3n contra la vida de las v\u00edctimas de Nochixtl\u00e1n.<\/p>\n\n\n\n<p>TEMEN DE M\u00c1S INJUSTICIA<\/p>\n\n\n\n<p>El Comit\u00e9 de V\u00edctimas de Nochixtl\u00e1n lament\u00f3 que el juez \u00c1lvaro Ni\u00f1o Cruz sea el responsable de resolver el pr\u00f3ximo 14 de junio la situaci\u00f3n jur\u00eddica de Jos\u00e9 Luis R.A, ex mando policial a cargo de la gendarmer\u00eda que particip\u00f3 en el operativo de Nochixtl\u00e1n, a quien la FGR imputa las lesiones por disparo de arma de fuego causadas por los polic\u00edas a su cargo a diversas v\u00edctimas.<\/p>\n\n\n\n<p>\u201cEn este caso y dada la corrupci\u00f3n que caracteriza a dicho juez, no descartamos que pretenda no vincularlo a proceso\u201d, apuntaron.<\/p>\n\n\n\n<p>Desde febrero de este a\u00f1o el mismo Comit\u00e9 advirti\u00f3 de la probable protecci\u00f3n del gobierno de Salom\u00f3n Jara Cruz al polic\u00eda Ismael M. D., pues en la audiencia del 26 de enero, cuando fue imputado por homicidio calificado y lesiones fue asistido por \u00c9rick Cruz, director general de Asuntos Jur\u00eddicos de la Secretar\u00eda de Seguridad y Protecci\u00f3n Ciudadana de Oaxaca.<\/p>\n","protected":false},"excerpt":{"rendered":"<p>Yuridiana Sosa\/Zona Roja. Oaxaca de Ju\u00e1rez, Oax., a 12 de junio de 2023.- A casi&hellip;<\/p>\n","protected":false},"author":2,"featured_media":56369,"comment_status":"closed","ping_status":"open","sticky":false,"template":"","format":"standard","meta":{"_lmt_disableupdate":"","_lmt_disable":"","_jetpack_memberships_contains_paid_content":false,"footnotes":""},"categories":[109,47],"tags":[249],"class_list":["post-56368","post","type-post","status-publish","format-standard","has-post-thumbnail","hentry","category-minuto-a-minuto","category-zona-gris","tag-comite-de-victimas-nochixtlan"],"jetpack_featured_media_url":"https:\/\/zonaroja.com.mx\/wp-content\/uploads\/2023\/06\/Madre-y-comite-de-victimas-de-Nochixtlan-conferencia.jpg","jetpack_sharing_enabled":true,"_links":{"self":[{"href":"https:\/\/zonaroja.com.mx\/index.php?rest_route=\/wp\/v2\/posts\/56368","targetHints":{"allow":["GET"]}}],"collection":[{"href":"https:\/\/zonaroja.com.mx\/index.php?rest_route=\/wp\/v2\/posts"}],"about":[{"href":"https:\/\/zonaroja.com.mx\/index.php?rest_route=\/wp\/v2\/types\/post"}],"author":[{"embeddable":true,"href":"https:\/\/zonaroja.com.mx\/index.php?rest_route=\/wp\/v2\/users\/2"}],"replies":[{"embeddable":true,"href":"https:\/\/zonaroja.com.mx\/index.php?rest_route=%2Fwp%2Fv2%2Fcomments&post=56368"}],"version-history":[{"count":1,"href":"https:\/\/zonaroja.com.mx\/index.php?rest_route=\/wp\/v2\/posts\/56368\/revisions"}],"predecessor-version":[{"id":56370,"href":"https:\/\/zonaroja.com.mx\/index.php?rest_route=\/wp\/v2\/posts\/56368\/revisions\/56370"}],"wp:featuredmedia":[{"embeddable":true,"href":"https:\/\/zonaroja.com.mx\/index.php?rest_route=\/wp\/v2\/media\/56369"}],"wp:attachment":[{"href":"https:\/\/zonaroja.com.mx\/index.php?rest_route=%2Fwp%2Fv2%2Fmedia&parent=56368"}],"wp:term":[{"taxonomy":"category","embeddable":true,"href":"https:\/\/zonaroja.com.mx\/index.php?rest_route=%2Fwp%2Fv2%2Fcategories&post=56368"},{"taxonomy":"post_tag","embeddable":true,"href":"https:\/\/zonaroja.com.mx\/index.php?rest_route=%2Fwp%2Fv2%2Ftags&post=56368"}],"curies":[{"name":"wp","href":"https:\/\/api.w.org\/{rel}","templated":true}]}}