{"id":56371,"date":"2023-06-12T19:08:47","date_gmt":"2023-06-13T00:08:47","guid":{"rendered":"http:\/\/www.zonaroja.com.mx\/?p=56371"},"modified":"2023-06-12T19:08:50","modified_gmt":"2023-06-13T00:08:50","slug":"gobierno-de-martinez-neri-se-contradice-en-caso-del-barrio-jalatlaco","status":"publish","type":"post","link":"https:\/\/zonaroja.com.mx\/?p=56371","title":{"rendered":"Gobierno de Mart\u00ednez Neri se contradice en caso del barrio Jalatlaco"},"content":{"rendered":"\n<p>Yuridiana Sosa\/Zona Roja.<\/p>\n\n\n\n<p>Oaxaca de Ju\u00e1rez, Oax., a 12 de junio de 2023.- El retiro del arco con letras en uno de los accesos al barrio de Jalatlaco, en Oaxaca de Ju\u00e1rez, por incumplir con reglamento y permisos, evidenci\u00f3 irregularidades en la aplicaci\u00f3n de la ley de parte de autoridades municipales para tratar de evitar la acci\u00f3n.<\/p>\n\n\n\n<p>El Comit\u00e9 de Vida Vecinal (Comvive) de Jalatlaco se\u00f1al\u00f3 que el Instituto Nacional de Antropolog\u00eda e Historia realiz\u00f3 observaciones al barrio por contar con dicha estructura, pues no corresponde a los par\u00e1metros propios de su arquitectura, por lo que recomend\u00f3 su retiro.<\/p>\n\n\n\n<p>Por acuerdo de la asamblea, los vecinos decidieron acatar con lo instruido por la autoridad federal, as\u00ed como constar la inexistencia de permisos municipales, indic\u00f3 el responsable de Cultura del Comvive de Jalatlaco, Julio C\u00e9sar Navarro.<\/p>\n\n\n\n<p>Dicho arco, aclar\u00f3, fue instalado por un grupo de comerciantes del barrio, adheridos a una asociaci\u00f3n civil, sin permiso de ninguna autoridad ni consultado con los vecinos.<\/p>\n\n\n\n<p>Tras un di\u00e1logo con los empresarios, se acord\u00f3 el retiro de la estructura de tal forma que se conservara el buen estado de la estructura para el uso posterior de los particulares en algunos de sus locales.<\/p>\n\n\n\n<figure class=\"wp-block-embed is-type-rich is-provider-twitter wp-block-embed-twitter\"><div class=\"wp-block-embed__wrapper\">\n<div class=\"twitter-tweet\"><blockquote class=\"twitter-tweet\" data-lang=\"es\"><p lang=\"es\" dir=\"ltr\"><a href=\"https:\/\/twitter.com\/hashtag\/%C3%9AltimoMinuto?src=hash&amp;ref_src=twsrc%5Etfw\">#\u00daltimoMinuto<\/a> <br>El retiro del arco con letrero a la entrada del barrio de Jalatlaco, ciudad de <a href=\"https:\/\/twitter.com\/hashtag\/Oaxaca?src=hash&amp;ref_src=twsrc%5Etfw\">#Oaxaca<\/a>, gener\u00f3 una disputa entre vecinos y comerciantes de una asociaci\u00f3n civil; tras un largo di\u00e1logo, las partes acordaron quitar la estructura, sin da\u00f1arla. <a href=\"https:\/\/t.co\/OlEzRCtkYh\">pic.twitter.com\/OlEzRCtkYh<\/a><\/p>&mdash; Zona Roja Oaxaca (@ZonaRoja_Oaxaca) <a href=\"https:\/\/twitter.com\/ZonaRoja_Oaxaca\/status\/1668317393867665409?ref_src=twsrc%5Etfw\">12 de junio de 2023<\/a><\/blockquote><\/div>\n<\/div><\/figure>\n\n\n\n<p>IRREGULAR<\/p>\n\n\n\n<p>Para mantener las condiciones claras de la situaci\u00f3n, el Comvive solicit\u00f3 a la direcci\u00f3n del Centro Hist\u00f3rico conocer sobre los permisos del arco.<\/p>\n\n\n\n<p>Tras varios meses de espera, la autoridad respondi\u00f3 que no existe permiso para su instalaci\u00f3n.<\/p>\n\n\n\n<p>Luego de ese proceso, los vecinos procedieron a los acuerdos para el retiro del arco y mantener lo dispuesto por el INAH.<\/p>\n\n\n\n<p>Sin embargo, esta ma\u00f1ana el gobierno municipal se retract\u00f3 del retiro y ahora trata de negociar su permanencia.<\/p>\n\n\n\n<p>C\u00e9sar Navarro explic\u00f3 que este lunes llegaron integrantes de Servicios Municipales para colaborar con los trabajos, pero minutos despu\u00e9s arrib\u00f3 personal del \u00e1rea del Centro Hist\u00f3rico para suspender las labores, al tiempo que llam\u00f3 a los vecinos a una mesa de di\u00e1logo para llegar a un acuerdo con los comerciantes.<\/p>\n\n\n\n<p>Sin embargo, el Comit\u00e9 de Vida Vecinal apunt\u00f3 que no debe haber ning\u00fan nuevo acuerdo al que se deba llegar debido a que s\u00f3lo se est\u00e1 cumpliendo con los reglamentos del propio gobierno municipal y del INAH.<\/p>\n\n\n\n<p>Por lo que rechazaron la negociaci\u00f3n y lamentaron que retorcer la ley se deba a acuerdos pol\u00edticos o intereses econ\u00f3micos.<\/p>\n","protected":false},"excerpt":{"rendered":"<p>Yuridiana Sosa\/Zona Roja. Oaxaca de Ju\u00e1rez, Oax., a 12 de junio de 2023.- El retiro&hellip;<\/p>\n","protected":false},"author":2,"featured_media":56372,"comment_status":"closed","ping_status":"open","sticky":false,"template":"","format":"standard","meta":{"_lmt_disableupdate":"","_lmt_disable":"","_jetpack_memberships_contains_paid_content":false,"footnotes":""},"categories":[109,47],"tags":[944],"class_list":["post-56371","post","type-post","status-publish","format-standard","has-post-thumbnail","hentry","category-minuto-a-minuto","category-zona-gris","tag-barrio-de-jalatlaco"],"jetpack_featured_media_url":"https:\/\/zonaroja.com.mx\/wp-content\/uploads\/2023\/06\/Conflicto-arco-barrio-de-Jalatlaco.jpg","jetpack_sharing_enabled":true,"_links":{"self":[{"href":"https:\/\/zonaroja.com.mx\/index.php?rest_route=\/wp\/v2\/posts\/56371","targetHints":{"allow":["GET"]}}],"collection":[{"href":"https:\/\/zonaroja.com.mx\/index.php?rest_route=\/wp\/v2\/posts"}],"about":[{"href":"https:\/\/zonaroja.com.mx\/index.php?rest_route=\/wp\/v2\/types\/post"}],"author":[{"embeddable":true,"href":"https:\/\/zonaroja.com.mx\/index.php?rest_route=\/wp\/v2\/users\/2"}],"replies":[{"embeddable":true,"href":"https:\/\/zonaroja.com.mx\/index.php?rest_route=%2Fwp%2Fv2%2Fcomments&post=56371"}],"version-history":[{"count":1,"href":"https:\/\/zonaroja.com.mx\/index.php?rest_route=\/wp\/v2\/posts\/56371\/revisions"}],"predecessor-version":[{"id":56373,"href":"https:\/\/zonaroja.com.mx\/index.php?rest_route=\/wp\/v2\/posts\/56371\/revisions\/56373"}],"wp:featuredmedia":[{"embeddable":true,"href":"https:\/\/zonaroja.com.mx\/index.php?rest_route=\/wp\/v2\/media\/56372"}],"wp:attachment":[{"href":"https:\/\/zonaroja.com.mx\/index.php?rest_route=%2Fwp%2Fv2%2Fmedia&parent=56371"}],"wp:term":[{"taxonomy":"category","embeddable":true,"href":"https:\/\/zonaroja.com.mx\/index.php?rest_route=%2Fwp%2Fv2%2Fcategories&post=56371"},{"taxonomy":"post_tag","embeddable":true,"href":"https:\/\/zonaroja.com.mx\/index.php?rest_route=%2Fwp%2Fv2%2Ftags&post=56371"}],"curies":[{"name":"wp","href":"https:\/\/api.w.org\/{rel}","templated":true}]}}