{"id":56377,"date":"2023-06-12T22:17:52","date_gmt":"2023-06-13T03:17:52","guid":{"rendered":"http:\/\/www.zonaroja.com.mx\/?p=56377"},"modified":"2023-06-12T22:17:56","modified_gmt":"2023-06-13T03:17:56","slug":"otro-dia-de-protestas-ieepo-desatiende-el-cam-y-en-el-istmo-dos-bloqueos","status":"publish","type":"post","link":"https:\/\/zonaroja.com.mx\/?p=56377","title":{"rendered":"Otro d\u00eda de protestas: IEEPO desatiende el CAM y en el Istmo dos bloqueos"},"content":{"rendered":"\n<p>Ismael Garc\u00eda\/Zona Roja.<\/p>\n\n\n\n<p>Oaxaca de Ju\u00e1rez, Oax., a 12 de junio de 2023.- Desde hace una semana la Secci\u00f3n 22 del SNTE dej\u00f3 sin clases al Centro de Atenci\u00f3n M\u00faltiple 1, de lo cual el IEEPO se comprometi\u00f3 atender desde los primeros d\u00edas de la afectaci\u00f3n, pero no cumpli\u00f3, lo que gener\u00f3 una manifestaci\u00f3n de los padres de familia.<\/p>\n\n\n\n<p>El Comit\u00e9 de Padres de Familia del CAM 1, donde se colocaron lonas en la fachada con la leyenda \u201cDelegaci\u00f3n D-1-401\u201d, apunt\u00f3 que se trata de un conflicto pol\u00edtico interno en la gremial, sin embargo, se apoderaron de la escuela desde el pasado 5 de junio y este lunes el problema creci\u00f3 pues dejaron sin clases a todos los ni\u00f1os de educaci\u00f3n especial de la regi\u00f3n de Valles Centrales debido a una reuni\u00f3n convocado por los docentes en conflicto.<\/p>\n\n\n\n<p>Ante la problem\u00e1tica, los padres demandaron al Instituto Estatal de Educaci\u00f3n P\u00fablica de Oaxaca, que dirige Emilio Montero P\u00e9rez, su intervenci\u00f3n, pero la dependencia s\u00f3lo simul\u00f3 atender el tema comprometi\u00e9ndose a que el viernes quedar\u00edan liberadas las instalaciones.<\/p>\n\n\n\n<p>\u201cLe exigimos al IEEPO que levante las actas de abandono de trabajo \u00a1Ya basta!, no les vamos a reglar el futuro de nuestros hijos\u201d, \u201cTienen derechos a una educaci\u00f3n de calidad y plenitud\u201d, demandaron los padres de familia hartos de esta problem\u00e1tica.<\/p>\n\n\n\n<p>No obstante, algunos integrantes del Comit\u00e9 de Padres de Familia no descartan la posibilidad de que la protesta se trate de un acto en represalia a los tutores que denunciaron ante las autoridades diversos abusos y casos de maltrato de docentes contra los menores de edad.<\/p>\n\n\n\n<p>Sobre la afectaci\u00f3n a la educaci\u00f3n de los menores, los padres y madres de familia tambi\u00e9n hicieron de conocimiento a la Procuradur\u00eda Estatal de Protecci\u00f3n de los Derechos de Ni\u00f1as, Ni\u00f1os y Adolescentes del Estado de Oaxaca, pero tampoco ha intervenido.<\/p>\n\n\n\n<p>Es por ello que ahora esperan la presencia del gobernador Salom\u00f3n Jara Cruz para destrabar el conflicto, se libere la escuela y se reanuden las clases.<\/p>\n\n\n\n<p>&nbsp;\u201cDel sector de educaci\u00f3n especial, de todo el magisterio, es el sector m\u00e1s irresponsable, m\u00e1s huev\u00f3n, con perd\u00f3n de la palabra\u201d, asever\u00f3 con enojo una madre de familia afectada.<\/p>\n\n\n\n<p>M\u00c1S PROTESTAS<\/p>\n\n\n\n<p>En el interior de la sede del ayuntamiento de Oaxaca de Ju\u00e1rez, un grupo de comerciantes de la Central de Abasto protest\u00f3 para denunciar al director de la Central de Abasto, Ernesto Sebasti\u00e1n Garc\u00eda, por diversas irregularidades.<\/p>\n\n\n\n<p>Una de las afectadas dijo que le quitaron su espacio en ese recinto, pese a que tiene una discapacidad, para las obras de rehabilitaci\u00f3n, pero no le dieron otro lugar para ubicarse; adem\u00e1s, le dio su sitio a otros vendedores.<\/p>\n\n\n\n<p>\u201cFue como un ladr\u00f3n en la noche para quitar mi caseta\u201d, denunci\u00f3 la mujer; otras mujeres comerciantes tambi\u00e9n se\u00f1alaron que pese a antig\u00fcedad, algunas con 27 a\u00f1os, los retiraron.<\/p>\n\n\n\n<p>LOS BLOQUEOS<\/p>\n\n\n\n<p>Por otra parte, el estado registr\u00f3 al menos dos bloqueos carreteros este lunes, uno de ellos por parte de pobladores de San Miguel y Santa Mar\u00eda Chimalapa, que desde la ma\u00f1ana mantienen cerrado la v\u00eda Trans\u00edstmica hacia la zona norte y que comunica con Veracruz.<\/p>\n\n\n\n<p>Adem\u00e1s, otro bloqueo se registr\u00f3 en la misma carretera pero en el tramo La Venta-La Ventosa, a la altura de un puente vehicular, por parte de otro grupo de inconformes.<\/p>\n\n\n\n<p>En tanto, por algunas horas, autoridades y pobladores de San Dionisio Ocotepec y de Santo Tom\u00e1s Ocotepec, bloquearon los accesos a las oficinas gubernamentales ubicadas en Ciudad Judicial, en Reyes Mantec\u00f3n, Coyotepec, para presionar a la Secretar\u00eda de las Infraestructuras que les agilice la autorizaci\u00f3n de obras p\u00fablicas.<\/p>\n","protected":false},"excerpt":{"rendered":"<p>Ismael Garc\u00eda\/Zona Roja. Oaxaca de Ju\u00e1rez, Oax., a 12 de junio de 2023.- Desde hace&hellip;<\/p>\n","protected":false},"author":2,"featured_media":56378,"comment_status":"closed","ping_status":"open","sticky":false,"template":"","format":"standard","meta":{"_lmt_disableupdate":"","_lmt_disable":"","_jetpack_memberships_contains_paid_content":false,"footnotes":""},"categories":[109,47],"tags":[2264],"class_list":["post-56377","post","type-post","status-publish","format-standard","has-post-thumbnail","hentry","category-minuto-a-minuto","category-zona-gris","tag-bloqueos-y-protestas-oaxaca"],"jetpack_featured_media_url":"https:\/\/zonaroja.com.mx\/wp-content\/uploads\/2023\/06\/Protesta-CAM-1-Oaxaca-.jpg","jetpack_sharing_enabled":true,"_links":{"self":[{"href":"https:\/\/zonaroja.com.mx\/index.php?rest_route=\/wp\/v2\/posts\/56377","targetHints":{"allow":["GET"]}}],"collection":[{"href":"https:\/\/zonaroja.com.mx\/index.php?rest_route=\/wp\/v2\/posts"}],"about":[{"href":"https:\/\/zonaroja.com.mx\/index.php?rest_route=\/wp\/v2\/types\/post"}],"author":[{"embeddable":true,"href":"https:\/\/zonaroja.com.mx\/index.php?rest_route=\/wp\/v2\/users\/2"}],"replies":[{"embeddable":true,"href":"https:\/\/zonaroja.com.mx\/index.php?rest_route=%2Fwp%2Fv2%2Fcomments&post=56377"}],"version-history":[{"count":1,"href":"https:\/\/zonaroja.com.mx\/index.php?rest_route=\/wp\/v2\/posts\/56377\/revisions"}],"predecessor-version":[{"id":56379,"href":"https:\/\/zonaroja.com.mx\/index.php?rest_route=\/wp\/v2\/posts\/56377\/revisions\/56379"}],"wp:featuredmedia":[{"embeddable":true,"href":"https:\/\/zonaroja.com.mx\/index.php?rest_route=\/wp\/v2\/media\/56378"}],"wp:attachment":[{"href":"https:\/\/zonaroja.com.mx\/index.php?rest_route=%2Fwp%2Fv2%2Fmedia&parent=56377"}],"wp:term":[{"taxonomy":"category","embeddable":true,"href":"https:\/\/zonaroja.com.mx\/index.php?rest_route=%2Fwp%2Fv2%2Fcategories&post=56377"},{"taxonomy":"post_tag","embeddable":true,"href":"https:\/\/zonaroja.com.mx\/index.php?rest_route=%2Fwp%2Fv2%2Ftags&post=56377"}],"curies":[{"name":"wp","href":"https:\/\/api.w.org\/{rel}","templated":true}]}}