{"id":56381,"date":"2023-06-12T23:26:31","date_gmt":"2023-06-13T04:26:31","guid":{"rendered":"http:\/\/www.zonaroja.com.mx\/?p=56381"},"modified":"2023-06-12T23:26:34","modified_gmt":"2023-06-13T04:26:34","slug":"el-horror-cotidiano-en-pinotepa-matan-a-individuo-y-lesionan-de-bala-a-mujer","status":"publish","type":"post","link":"https:\/\/zonaroja.com.mx\/?p=56381","title":{"rendered":"El horror cotidiano: en Pinotepa matan a individuo y lesionan de bala a mujer"},"content":{"rendered":"\n<p>Ismael Garc\u00eda M.\/Zona Roja.<\/p>\n\n\n\n<p>Oaxaca de Ju\u00e1rez, Oax., a 12 de junio de 2023.- La estela de violencia se traslad\u00f3 ahora a la Costa chica de Oaxaca.<\/p>\n\n\n\n<p>En Santiago Pinotepa Nacional, un individuo fue asesinado a balazos, mientras que una mujer result\u00f3 lesionada de gravedad.<\/p>\n\n\n\n<p>La agresi\u00f3n armada ocurri\u00f3 en el exterior de un bar de la calle Venustiano Carranza, cerca del mercado \u201cPedro Rodr\u00edguez\u201d, en el centro de dicha ciudad colindante con el estado de Guerrero.<\/p>\n\n\n\n<p>El occiso a\u00fan no ha sido identificado legalmente, mientras que la mujer respondi\u00f3 al nombre de J\u00e9sica \u201cN\u201d.&nbsp;<\/p>\n\n\n\n<p>Este d\u00eda, como se inform\u00f3 previamente, tambi\u00e9n fue asesinada una pareja, hombre y mujer, con disparos de escopeta, en una localidad de Cuyamecalco Villa de Zaragoza.<\/p>\n\n\n\n<p>M\u00c1S ATAQUES<\/p>\n\n\n\n<p>Por otra parte, adem\u00e1s del crimen cometido cerca de la media noche de ayer \u2014cuya v\u00edctima fue identificada como Abner Daniel M. P., de 21 a\u00f1os de edad\u2014, un individuo sufri\u00f3 un atentado casi al mediod\u00eda de hoy, en el municipio de Huajuapan de Le\u00f3n.<\/p>\n\n\n\n<p>Se trata del abogado identificado con las iniciales H. P. A., de 46 a\u00f1os de edad, quien result\u00f3 ileso, tras ser agredido mientras viajaba a bordo de su veh\u00edculo, en la calle Mina esquina con Independencia.<\/p>\n\n\n\n<p>En la capital oaxaque\u00f1a, una estudiante fue lesionada con cachazos de arma de fuego en la cabeza, al resistirse a un asalto.<\/p>\n\n\n\n<p>Ocurri\u00f3 en la ma\u00f1ana de hoy en la calle Luis Enrique Erro de la colonia Vicente Su\u00e1rez, cerca de una escuela secundaria, donde dos sujetos a bordo de una motocicleta enca\u00f1onaron a la joven para robarle, y al resistirse, la golpearon.<\/p>\n\n\n\n<p>ALUMNO ARMADO<\/p>\n\n\n\n<p>En Salina Cruz, corporaciones policiacas detuvieron a un alumno, que ten\u00eda en su poder un arma de fuego sin la licencia respectiva.<\/p>\n\n\n\n<p>Ocurri\u00f3 en el Centro de Estudios de Bachillerato, Tecnol\u00f3gico, Industrial y de Servicios n\u00famero 25, ubicado en que se percataron que S. M. C., de 16 a\u00f1os de edad, ten\u00eda en su poder la pistola.<\/p>\n\n\n\n<p>Fue detenido y trasladado ante la autoridad correspondiente, para la indagatoria correspondiente.<\/p>\n\n\n\n<p>Mientras tanto, en el municipio de Juchit\u00e1n de Zaragoza un individuo fue lesionado de bala en la pierna, hecho ocurrido cerca del puente \u201cChaparro\u201d de la Novena Secci\u00f3n.<\/p>\n\n\n\n<p>Polic\u00edas municipales arribaron al sitio y entrevistaron a Miguel \u00c1ngel O. L., quien se neg\u00f3 a acudir a un hospital y fue trasladado por sus familiares a su domicilio.<\/p>\n","protected":false},"excerpt":{"rendered":"<p>Ismael Garc\u00eda M.\/Zona Roja. Oaxaca de Ju\u00e1rez, Oax., a 12 de junio de 2023.- La&hellip;<\/p>\n","protected":false},"author":2,"featured_media":56382,"comment_status":"closed","ping_status":"open","sticky":false,"template":"","format":"standard","meta":{"_lmt_disableupdate":"","_lmt_disable":"","_jetpack_memberships_contains_paid_content":false,"footnotes":""},"categories":[109,51],"tags":[594],"class_list":["post-56381","post","type-post","status-publish","format-standard","has-post-thumbnail","hentry","category-minuto-a-minuto","category-zona-roja","tag-huajuapan-de-leon"],"jetpack_featured_media_url":"https:\/\/zonaroja.com.mx\/wp-content\/uploads\/2023\/06\/Asesinado-Huajuapan-de-Leon-1.jpg","jetpack_sharing_enabled":true,"_links":{"self":[{"href":"https:\/\/zonaroja.com.mx\/index.php?rest_route=\/wp\/v2\/posts\/56381","targetHints":{"allow":["GET"]}}],"collection":[{"href":"https:\/\/zonaroja.com.mx\/index.php?rest_route=\/wp\/v2\/posts"}],"about":[{"href":"https:\/\/zonaroja.com.mx\/index.php?rest_route=\/wp\/v2\/types\/post"}],"author":[{"embeddable":true,"href":"https:\/\/zonaroja.com.mx\/index.php?rest_route=\/wp\/v2\/users\/2"}],"replies":[{"embeddable":true,"href":"https:\/\/zonaroja.com.mx\/index.php?rest_route=%2Fwp%2Fv2%2Fcomments&post=56381"}],"version-history":[{"count":1,"href":"https:\/\/zonaroja.com.mx\/index.php?rest_route=\/wp\/v2\/posts\/56381\/revisions"}],"predecessor-version":[{"id":56383,"href":"https:\/\/zonaroja.com.mx\/index.php?rest_route=\/wp\/v2\/posts\/56381\/revisions\/56383"}],"wp:featuredmedia":[{"embeddable":true,"href":"https:\/\/zonaroja.com.mx\/index.php?rest_route=\/wp\/v2\/media\/56382"}],"wp:attachment":[{"href":"https:\/\/zonaroja.com.mx\/index.php?rest_route=%2Fwp%2Fv2%2Fmedia&parent=56381"}],"wp:term":[{"taxonomy":"category","embeddable":true,"href":"https:\/\/zonaroja.com.mx\/index.php?rest_route=%2Fwp%2Fv2%2Fcategories&post=56381"},{"taxonomy":"post_tag","embeddable":true,"href":"https:\/\/zonaroja.com.mx\/index.php?rest_route=%2Fwp%2Fv2%2Ftags&post=56381"}],"curies":[{"name":"wp","href":"https:\/\/api.w.org\/{rel}","templated":true}]}}