{"id":56388,"date":"2023-06-13T08:30:50","date_gmt":"2023-06-13T13:30:50","guid":{"rendered":"http:\/\/www.zonaroja.com.mx\/?p=56388"},"modified":"2023-06-13T08:30:52","modified_gmt":"2023-06-13T13:30:52","slug":"edil-de-xoxocotlan-apoya-a-trabajadores-municipales-con-uniformes","status":"publish","type":"post","link":"https:\/\/zonaroja.com.mx\/?p=56388","title":{"rendered":"Edil de Xoxocotl\u00e1n apoya a trabajadores municipales con uniformes"},"content":{"rendered":"\n<p>Redacci\u00f3n\/Zona Roja.<\/p>\n\n\n\n<p>Oaxaca de Ju\u00e1rez, Oax., 13 de junio de 2023.- El presidente municipal de Santa Cruz Xoxocotl\u00e1n, Inocente Castellanos Alejos, entreg\u00f3 uniformes a personal operativo de \u00c1reas Verdes y Barrido, perteneciente a la Coordinaci\u00f3n de Servicios Municipales, a quienes reconoci\u00f3 la disposici\u00f3n y disciplina con la que desempe\u00f1an sus labores.<\/p>\n\n\n\n<p>En un breve acto desarrollado en el parque municipal de esta comunidad, el doctor \u201cChente\u201d Castellanos manifest\u00f3 su orgullo por del desempe\u00f1o de las y los trabajadores de esa dependencia.<\/p>\n\n\n\n<p>\u00abSon ustedes quienes desde muy temprano comienzan su labor para recoger lo que la gente sin consciencia tira en las calles, y hay que decirlo, porque mantener limpios nuestros espacios, m\u00e1s a\u00fan con la problem\u00e1tica de la basura, es responsabilidad de todos\u00bb, dijo.<\/p>\n\n\n\n<p>El edil reiter\u00f3 su inter\u00e9s por que las distintas \u00e1reas de gobierno cuenten con el equipo necesario para desarrollar sus labores y se d\u00e9 respuesta oportuna a las demandas ciudadanas.<\/p>\n\n\n\n<p>De su lado, el regidor Eliseo Cruz Ruiz destac\u00f3 la determinaci\u00f3n del mun\u00edcipe por atender las necesidades del personal en aras de mejorar sus condiciones laborales, lo que aporta al empe\u00f1o que las y los colaboradores ponen en sus tareas.<\/p>\n\n\n\n<p>\u201cEl presidente \u2018Chente\u2019 tiene claro que debemos incentivar su desempe\u00f1o, por eso frente a estas gestiones siempre ha tenido la disposici\u00f3n de contribuir, porque tiene claro que no solo se trata de pedir resultados, sino de motivarlos para que los cumplan\u201d, expres\u00f3.<\/p>\n\n\n\n<p>En la entrega, estuvieron presentes el presidente honorario del DIF Municipal, Eric Enmanuel Ortiz Hern\u00e1ndez; la regidora de Hacienda, Chabely Soledad Hern\u00e1ndez L\u00f3pez; el secretario municipal, Juan Antonio Espejel Gonz\u00e1lez, y el coordinador de Servicios Municipales, Jorge Luis Condado Ben\u00edtez.<\/p>\n","protected":false},"excerpt":{"rendered":"<p>Redacci\u00f3n\/Zona Roja. Oaxaca de Ju\u00e1rez, Oax., 13 de junio de 2023.- El presidente municipal de&hellip;<\/p>\n","protected":false},"author":2,"featured_media":56386,"comment_status":"closed","ping_status":"open","sticky":false,"template":"","format":"standard","meta":{"_lmt_disableupdate":"","_lmt_disable":"","_jetpack_memberships_contains_paid_content":false,"footnotes":""},"categories":[109,46],"tags":[133],"class_list":["post-56388","post","type-post","status-publish","format-standard","has-post-thumbnail","hentry","category-minuto-a-minuto","category-zona-blanca","tag-santa-cruz-xoxocotlan"],"jetpack_featured_media_url":"https:\/\/zonaroja.com.mx\/wp-content\/uploads\/2023\/06\/Inocente-Castellanos-Alejos-Xoxo.jpg","jetpack_sharing_enabled":true,"_links":{"self":[{"href":"https:\/\/zonaroja.com.mx\/index.php?rest_route=\/wp\/v2\/posts\/56388","targetHints":{"allow":["GET"]}}],"collection":[{"href":"https:\/\/zonaroja.com.mx\/index.php?rest_route=\/wp\/v2\/posts"}],"about":[{"href":"https:\/\/zonaroja.com.mx\/index.php?rest_route=\/wp\/v2\/types\/post"}],"author":[{"embeddable":true,"href":"https:\/\/zonaroja.com.mx\/index.php?rest_route=\/wp\/v2\/users\/2"}],"replies":[{"embeddable":true,"href":"https:\/\/zonaroja.com.mx\/index.php?rest_route=%2Fwp%2Fv2%2Fcomments&post=56388"}],"version-history":[{"count":1,"href":"https:\/\/zonaroja.com.mx\/index.php?rest_route=\/wp\/v2\/posts\/56388\/revisions"}],"predecessor-version":[{"id":56389,"href":"https:\/\/zonaroja.com.mx\/index.php?rest_route=\/wp\/v2\/posts\/56388\/revisions\/56389"}],"wp:featuredmedia":[{"embeddable":true,"href":"https:\/\/zonaroja.com.mx\/index.php?rest_route=\/wp\/v2\/media\/56386"}],"wp:attachment":[{"href":"https:\/\/zonaroja.com.mx\/index.php?rest_route=%2Fwp%2Fv2%2Fmedia&parent=56388"}],"wp:term":[{"taxonomy":"category","embeddable":true,"href":"https:\/\/zonaroja.com.mx\/index.php?rest_route=%2Fwp%2Fv2%2Fcategories&post=56388"},{"taxonomy":"post_tag","embeddable":true,"href":"https:\/\/zonaroja.com.mx\/index.php?rest_route=%2Fwp%2Fv2%2Ftags&post=56388"}],"curies":[{"name":"wp","href":"https:\/\/api.w.org\/{rel}","templated":true}]}}