{"id":5639,"date":"2019-11-11T12:59:02","date_gmt":"2019-11-11T18:59:02","guid":{"rendered":"https:\/\/www.zonaroja.com.mx\/?p=5639"},"modified":"2019-11-11T13:02:27","modified_gmt":"2019-11-11T19:02:27","slug":"con-marcha-seccion-22-exige-la-liberacion-de-activista-del-codedi","status":"publish","type":"post","link":"https:\/\/zonaroja.com.mx\/?p=5639","title":{"rendered":"Con marcha, Secci\u00f3n 22 exige la liberaci\u00f3n de activista del Codedi"},"content":{"rendered":"\n<p>Redacci\u00f3n\/Zona Roja.&nbsp;<\/p>\n\n\n\n<p>Oaxaca de Ju\u00e1rez, Oax., 11 de noviembre de 2019.-&nbsp;<a href=\"\/\/0\">Este lunes<\/a>&nbsp;integrantes de la Secci\u00f3n 22 adherida a la Coordinadora Nacional de Trabajadores de la Educaci\u00f3n (CNTE) y activistas de organizaciones sociales marcharon de la fuente&nbsp;<a href=\"\/\/1\">de las Ocho<\/a>&nbsp;Regiones hacia el z\u00f3calo de la ciudad, para exigir la liberaci\u00f3n de Fredy Garc\u00eda Ram\u00edrez, militantes del Comit\u00e9 de Defensa de los Pueblos Ind\u00edgenas (Codedi).<\/p>\n\n\n\n<p>Con la representaci\u00f3n del diez por ciento de la membres\u00eda convocada por la gremial magisterial desde el fin de semana, la marcha recorri\u00f3 las principales calles de la ciudad con intenci\u00f3n de se\u00f1alar la persecuci\u00f3n pol\u00edtica del gobierno de Oaxaca hacia l\u00edderes sociales.<\/p>\n\n\n\n<p>\u201cEl Estado se ha empe\u00f1ado en desacreditar a las organizaciones sociales que nos encontramos pidiendo que haya justicia para los pueblos y comunidades ind\u00edgenas, cuyos l\u00edderes han sido perseguidos e incluso asesinados por defender sus derechos comunitarios\u201d, aseguraron en el transcurso de la marcha.<\/p>\n\n\n\n<p>En este sentido, las organizaciones sociales participantes en la marcha se pronunciaron en contra de los megaproyectos en el territorio oaxaque\u00f1o que se anuncian como el progreso de la entidad, con la intenci\u00f3n de confundir y confrontar a las localidades ind\u00edgenas organizadas que mantienen su oposici\u00f3n al despojo de sus tierras y de sus recursos naturales.<\/p>\n\n\n\n<p>As\u00ed mismo, integrantes de la Uni\u00f3n Campesina e Ind\u00edgena Nacional (UCIN) se manifestaron desde temprana hora en el z\u00f3calo de la ciudad, como parte de sus actividades se instalaron en plant\u00f3n y cerraron los accesos de Palacio de Gobierno, independientemente de la liberaci\u00f3n del integrante de Codedi exigieron la destituci\u00f3n del fiscal de Oaxaca, Rub\u00e9n Vasconcelos M\u00e9ndez.<\/p>\n\n\n\n<p>Lo anterior debido a que aseguran ha implementado una campa\u00f1a de&nbsp;persecuci\u00f3n&nbsp;y hostigamiento en contra de activistas sociales, en lugar de procurar y garantizar la justicia en el estado, que tanta falta hace en el contexto actual de violencia en la entidad.<\/p>\n\n\n\n<p>El pasado 6 de noviembre, elementos de la Agencia Estatal de Investigaciones (AEI) detuvieron al activista se\u00f1alado como probable responsable de la tortura y muerte de un agente estatal en Santiago Xanica, debido al conflicto pos electoral que se vive en la zona.<\/p>\n\n\n\n<p>Previo a las movilizaciones de la Secci\u00f3n 22, integrantes del Comit\u00e9 Directivo Estatal de Supervisores y Jefes de Sector de Educaci\u00f3n de Primaria General, denunciaron irregularidades en el IEEPO durante el sexenio de Gabino Cu\u00e9 Monteagudo y Germ\u00e1n Cervantes Ayala; as\u00ed como la Subcomisi\u00f3n Mixta de la Jefatura de zonas n\u00famero 05 de Huajuapan de Le\u00f3n de Educaci\u00f3n Ind\u00edgena quien manifest\u00f3 demandas pendientes de atender por parte de las autoridades estatales.&nbsp;<br class=\"Apple-interchange-newline\" \/><\/p>\n\n\n\n<p><\/p>\n","protected":false},"excerpt":{"rendered":"<p>Redacci\u00f3n\/Zona Roja.&nbsp; Oaxaca de Ju\u00e1rez, Oax., 11 de noviembre de 2019.-&nbsp;Este lunes&nbsp;integrantes de la Secci\u00f3n&hellip;<\/p>\n","protected":false},"author":2,"featured_media":5638,"comment_status":"closed","ping_status":"open","sticky":false,"template":"","format":"standard","meta":{"_lmt_disableupdate":"","_lmt_disable":"","_jetpack_memberships_contains_paid_content":false,"footnotes":""},"categories":[109,47],"tags":[],"class_list":["post-5639","post","type-post","status-publish","format-standard","has-post-thumbnail","hentry","category-minuto-a-minuto","category-zona-gris"],"jetpack_featured_media_url":"https:\/\/zonaroja.com.mx\/wp-content\/uploads\/2019\/11\/70d06e99-ea67-4099-a0f4-7db737e2e7e4-1.jpg","jetpack_sharing_enabled":true,"_links":{"self":[{"href":"https:\/\/zonaroja.com.mx\/index.php?rest_route=\/wp\/v2\/posts\/5639","targetHints":{"allow":["GET"]}}],"collection":[{"href":"https:\/\/zonaroja.com.mx\/index.php?rest_route=\/wp\/v2\/posts"}],"about":[{"href":"https:\/\/zonaroja.com.mx\/index.php?rest_route=\/wp\/v2\/types\/post"}],"author":[{"embeddable":true,"href":"https:\/\/zonaroja.com.mx\/index.php?rest_route=\/wp\/v2\/users\/2"}],"replies":[{"embeddable":true,"href":"https:\/\/zonaroja.com.mx\/index.php?rest_route=%2Fwp%2Fv2%2Fcomments&post=5639"}],"version-history":[{"count":1,"href":"https:\/\/zonaroja.com.mx\/index.php?rest_route=\/wp\/v2\/posts\/5639\/revisions"}],"predecessor-version":[{"id":5640,"href":"https:\/\/zonaroja.com.mx\/index.php?rest_route=\/wp\/v2\/posts\/5639\/revisions\/5640"}],"wp:featuredmedia":[{"embeddable":true,"href":"https:\/\/zonaroja.com.mx\/index.php?rest_route=\/wp\/v2\/media\/5638"}],"wp:attachment":[{"href":"https:\/\/zonaroja.com.mx\/index.php?rest_route=%2Fwp%2Fv2%2Fmedia&parent=5639"}],"wp:term":[{"taxonomy":"category","embeddable":true,"href":"https:\/\/zonaroja.com.mx\/index.php?rest_route=%2Fwp%2Fv2%2Fcategories&post=5639"},{"taxonomy":"post_tag","embeddable":true,"href":"https:\/\/zonaroja.com.mx\/index.php?rest_route=%2Fwp%2Fv2%2Ftags&post=5639"}],"curies":[{"name":"wp","href":"https:\/\/api.w.org\/{rel}","templated":true}]}}