{"id":56395,"date":"2023-06-13T10:30:00","date_gmt":"2023-06-13T15:30:00","guid":{"rendered":"http:\/\/www.zonaroja.com.mx\/?p=56395"},"modified":"2023-06-13T08:35:28","modified_gmt":"2023-06-13T13:35:28","slug":"alcaldesa-de-tijuana-vivira-en-cuartel-militar-ante-amenazas-de-crimen-organizado","status":"publish","type":"post","link":"https:\/\/zonaroja.com.mx\/?p=56395","title":{"rendered":"Alcaldesa de Tijuana vivir\u00e1 en cuartel militar, ante amenazas de crimen organizado"},"content":{"rendered":"\n<p>Redacci\u00f3n\/Zona Roja Cdmx.<\/p>\n\n\n\n<p>Ciudad de M\u00e9xico, a 13 de junio de 2023.- La presidenta municipal de Tijuana, Montserrat Caballero Ram\u00edrez, anunci\u00f3 que se ir\u00e1 a vivir al cuartel militar del 28 Batall\u00f3n de Infanter\u00eda, ubicado al suroeste de la ciudad fronteriza, para resguardar su seguridad.<\/p>\n\n\n\n<p>Acorde con sus declaraciones, su cambio de residencia a las instalaciones del Ej\u00e9rcito no fue una decisi\u00f3n propia, sino que fue una recomendaci\u00f3n directa por parte de la Guardia Nacional, debido a las amenazas y atentado que la alcaldesa ha sufrido, aparentemente, a causa de las acciones de la Polic\u00eda Municipal.<\/p>\n\n\n\n<p>\u201cNo fue una decisi\u00f3n, porque no cualquiera se puede ir a vivir al cuartel, sino fue una sugerencia por parte de la Guardia Nacional en raz\u00f3n de mi seguridad\u201d, explic\u00f3 la funcionaria durante el encuentro con los medios.<\/p>\n\n\n\n<p>Seg\u00fan los datos que comparti\u00f3 Caballero Ram\u00edrez, la corporaci\u00f3n policial de Tijuana es la que m\u00e1s armas de fuego ha incautado a nivel nacional, con una cifra de mil 721 artefactos asegurados entre octubre de 2021 y mayo de 2023.<\/p>\n\n\n\n<p>As\u00ed mismo, destac\u00f3 los resultados de su administraci\u00f3n en cuanto a detenciones de objetivos prioritarios, pues se han contabilizado 785 generadores de violencia puestos a disposici\u00f3n de las autoridades correspondientes.<\/p>\n\n\n\n<p>\u201c[Un total de] 64 de estos tipos han sido generadores de violencia importantes a nivel nacional, sin mencionar los miles de detenidos que tenemos; por estas situaciones sufr\u00ed un atentado que no pas\u00f3 a mayores y por estas acciones tendr\u00e1 su servidora que irse a vivir y a reforzar su seguridad desde el cuartel\u201d, detall\u00f3 la mun\u00edcipe.<\/p>\n\n\n\n<p>En un mensaje publicado en los canales oficiales del Ayuntamiento de Tijuana, Montserrat Caballero expres\u00f3 que su residencia en el cuartel ser\u00e1 un sacrificio. \u201cDefinitivamente no es sencillo, tengo un hijo, tengo familia [&#8230;] No implica ser resguardada, implica que est\u00e1 resguardada la persona que m\u00e1s resultados ha dado en materia de seguridad\u201d.<\/p>\n\n\n\n<p>Hasta el momento no se ha especificado si la alcaldesa residir\u00e1 en el cuartel del 28 Batall\u00f3n de Infanter\u00eda durante todo lo que resta de su administraci\u00f3n. En caso de que as\u00ed sea, Montserrat Caballero tendr\u00eda que vivir en el complejo militar durante poco m\u00e1s de un a\u00f1o, ya que las elecciones para renovar la Presidencia Municipal de Tijuana se llevar\u00e1n a cabo en junio de 2024.<\/p>\n\n\n\n<p>El atentado al que se refiri\u00f3 Caballero Ram\u00edrez ocurri\u00f3 la ma\u00f1ana del 17 de mayo de 2023. Por la ma\u00f1ana de aquel d\u00eda, un comando de cuatro hombres \u2014tres de ellos armados\u2014 dispar\u00f3 en contra de una patrulla asignada a la expolic\u00eda Rosalva Gonz\u00e1lez Molina, alias \u201cLa Puma\u201d, encargada del equipo de \u201cavanzada\u201d de la alcaldesa.<\/p>\n\n\n\n<p>Seg\u00fan los primeros reportes, los atacantes recibieron la instrucci\u00f3n de disparar en contra de \u201cla mujer\u201d de la camioneta blanca tipo pick up. Sin embargo, el escolta que iba a bordo del veh\u00edculo aquel d\u00eda fue identificado como Francisco Javier Gallardo, quien se dirig\u00eda como parte del equipo de seguridad de la funcionaria a un punto de reuni\u00f3n en el centro de la ciudad.<\/p>\n\n\n\n<p>Despu\u00e9s de una semana de investigaciones, el fiscal general de Baja California, Ricardo Iv\u00e1n Carpio, descart\u00f3 que la agresi\u00f3n a tiros hubiera estado dirigida a la alcaldesa Caballero. \u201cNo es un tema que tenga que ver directamente con su persona. No tenemos ninguna raz\u00f3n para mantener esa hip\u00f3tesis abierta\u201d, declar\u00f3 el Carpio S\u00e1nchez.<\/p>\n\n\n\n<p>(Informaci\u00f3n de Infobae M\u00e9xico)<\/p>\n","protected":false},"excerpt":{"rendered":"<p>Redacci\u00f3n\/Zona Roja Cdmx. Ciudad de M\u00e9xico, a 13 de junio de 2023.- La presidenta municipal&hellip;<\/p>\n","protected":false},"author":2,"featured_media":56385,"comment_status":"closed","ping_status":"open","sticky":false,"template":"","format":"standard","meta":{"_lmt_disableupdate":"","_lmt_disable":"","_jetpack_memberships_contains_paid_content":false,"footnotes":""},"categories":[109,47],"tags":[2926],"class_list":["post-56395","post","type-post","status-publish","format-standard","has-post-thumbnail","hentry","category-minuto-a-minuto","category-zona-gris","tag-montserrat-caballero-ramirez-tijuana"],"jetpack_featured_media_url":"https:\/\/zonaroja.com.mx\/wp-content\/uploads\/2023\/06\/Montserrat-Caballero-Tijuana.jpeg","jetpack_sharing_enabled":true,"_links":{"self":[{"href":"https:\/\/zonaroja.com.mx\/index.php?rest_route=\/wp\/v2\/posts\/56395","targetHints":{"allow":["GET"]}}],"collection":[{"href":"https:\/\/zonaroja.com.mx\/index.php?rest_route=\/wp\/v2\/posts"}],"about":[{"href":"https:\/\/zonaroja.com.mx\/index.php?rest_route=\/wp\/v2\/types\/post"}],"author":[{"embeddable":true,"href":"https:\/\/zonaroja.com.mx\/index.php?rest_route=\/wp\/v2\/users\/2"}],"replies":[{"embeddable":true,"href":"https:\/\/zonaroja.com.mx\/index.php?rest_route=%2Fwp%2Fv2%2Fcomments&post=56395"}],"version-history":[{"count":1,"href":"https:\/\/zonaroja.com.mx\/index.php?rest_route=\/wp\/v2\/posts\/56395\/revisions"}],"predecessor-version":[{"id":56396,"href":"https:\/\/zonaroja.com.mx\/index.php?rest_route=\/wp\/v2\/posts\/56395\/revisions\/56396"}],"wp:featuredmedia":[{"embeddable":true,"href":"https:\/\/zonaroja.com.mx\/index.php?rest_route=\/wp\/v2\/media\/56385"}],"wp:attachment":[{"href":"https:\/\/zonaroja.com.mx\/index.php?rest_route=%2Fwp%2Fv2%2Fmedia&parent=56395"}],"wp:term":[{"taxonomy":"category","embeddable":true,"href":"https:\/\/zonaroja.com.mx\/index.php?rest_route=%2Fwp%2Fv2%2Fcategories&post=56395"},{"taxonomy":"post_tag","embeddable":true,"href":"https:\/\/zonaroja.com.mx\/index.php?rest_route=%2Fwp%2Fv2%2Ftags&post=56395"}],"curies":[{"name":"wp","href":"https:\/\/api.w.org\/{rel}","templated":true}]}}