{"id":56397,"date":"2023-06-13T12:11:00","date_gmt":"2023-06-13T17:11:00","guid":{"rendered":"http:\/\/www.zonaroja.com.mx\/?p=56397"},"modified":"2023-06-13T09:13:28","modified_gmt":"2023-06-13T14:13:28","slug":"sin-freno-desapariciones-de-mujeres-y-menores-de-edad-en-oaxaca","status":"publish","type":"post","link":"https:\/\/zonaroja.com.mx\/?p=56397","title":{"rendered":"Sin freno desapariciones de mujeres y menores de edad en Oaxaca"},"content":{"rendered":"\n<p>Yuridiana Sosa\/Zona Roja.<\/p>\n\n\n\n<p>Oaxaca de Ju\u00e1rez, Oax., a 13 de junio de 2023.- Las desaparici\u00f3n de personas durante el mes de junio siguen pegando a la estabilidad de las familias oaxaque\u00f1as, con un importante n\u00famero de menores de edad y de mujeres.<\/p>\n\n\n\n<p>La Unidad de B\u00fasqueda de Personas No Localizada, dependiente de la Fiscal\u00eda General del Estado, mantiene con reporte de desaparecidas a seis mujeres en lo que va del mes de junio, de las que tres son menores de edad.<\/p>\n\n\n\n<p>A dicha cifra se suman cinco casos de varones menores de edad, entre ni\u00f1os y adolescentes, lo que hace un total de 11 familias v\u00edctimas de esta situaci\u00f3n y que siguen en b\u00fasqueda de sus seres queridos.<\/p>\n\n\n\n<p>En las \u00faltimas horas se report\u00f3 la desaparici\u00f3n de Lizdeysi L\u00f3pez Jim\u00e9nez, de 22 a\u00f1os de edad, de quien se desconoce su paradero desde el pasado 9 de junio, tras ser vista por \u00faltima vez en Santa Mar\u00eda Chimalapa.<\/p>\n\n\n\n<p>Tambi\u00e9n se indaga el paradero de Josefa Ruiz Vargas, de 33 a\u00f1os de edad, a quien no localizan desde el \u00a020 de mayo, luego de ser vista en Santa Cruz Xoxocotl\u00e1n; mientras que la desaparici\u00f3n de Magdalena Bautista Vicente de 16 a\u00f1os, se registr\u00f3 el 5 de junio en Miahuatl\u00e1n de Porfirio D\u00edaz.<\/p>\n\n\n\n<p>Familiares siguen la b\u00fasqueda de Yeimy Zulen Molina Mayo, de 20 a\u00f1os, quien desapareci\u00f3 desde el 4 de junio en Salina Cruz, y de Fernanda Juquila R\u00edos Gonz\u00e1lez, de 13 a\u00f1os de edad, ocurrida el 28 de mayo en San Juan Bautista Tuxtepec.<br>Entre las v\u00edctimas menores de edad se encuentra un triple caso de hermanos, desaparecidos desde el 21 de abril en Teotitl\u00e1n de Flores Mag\u00f3n.<\/p>\n\n\n\n<p>}El pasado 6 de junio la Unidad de B\u00fasqueda de Personas No Localizadas de la Fiscal\u00eda de Oaxaca public\u00f3 el caso de tres menores de los menores de edad, Alfredo, Mar\u00eda Guadalupe y Genaro de apellido Caballero Sosa, de cinco, cuatro y ocho a\u00f1os, respectivamente, quienes fueron visto por ultimas vez cuando iban en compa\u00f1\u00eda de su progenitora Vania Guadalupe Sosa Merino.<\/p>\n\n\n\n<p>As\u00ed tambi\u00e9n se busca a L\u00e1zaro Isaac Ortiz L\u00f3pez, de 16 a\u00f1os de edad, visto por \u00faltima vez el pasado 7 de junio San Raymundo Jalpan, fecha y lugar en que tambi\u00e9n se report\u00f3 la desaparici\u00f3n de Mois\u00e9s El\u00edas Reyes de 17 a\u00f1os de edad.<br>Se suman las desapariciones el caso de \u00c1ngel de Jes\u00fas Osorio Mej\u00eda, de 13 a\u00f1os de edad, el 28 de mayo en Salina Cruz.<\/p>\n","protected":false},"excerpt":{"rendered":"<p>Yuridiana Sosa\/Zona Roja. Oaxaca de Ju\u00e1rez, Oax., a 13 de junio de 2023.- Las desaparici\u00f3n&hellip;<\/p>\n","protected":false},"author":2,"featured_media":56398,"comment_status":"closed","ping_status":"open","sticky":false,"template":"","format":"standard","meta":{"_lmt_disableupdate":"","_lmt_disable":"","_jetpack_memberships_contains_paid_content":false,"footnotes":""},"categories":[109,47],"tags":[455],"class_list":["post-56397","post","type-post","status-publish","format-standard","has-post-thumbnail","hentry","category-minuto-a-minuto","category-zona-gris","tag-mujeres-desaparecidas-oaxaca"],"jetpack_featured_media_url":"https:\/\/zonaroja.com.mx\/wp-content\/uploads\/2023\/06\/Personas-desaparecidas-Oaxaca.jpg","jetpack_sharing_enabled":true,"_links":{"self":[{"href":"https:\/\/zonaroja.com.mx\/index.php?rest_route=\/wp\/v2\/posts\/56397","targetHints":{"allow":["GET"]}}],"collection":[{"href":"https:\/\/zonaroja.com.mx\/index.php?rest_route=\/wp\/v2\/posts"}],"about":[{"href":"https:\/\/zonaroja.com.mx\/index.php?rest_route=\/wp\/v2\/types\/post"}],"author":[{"embeddable":true,"href":"https:\/\/zonaroja.com.mx\/index.php?rest_route=\/wp\/v2\/users\/2"}],"replies":[{"embeddable":true,"href":"https:\/\/zonaroja.com.mx\/index.php?rest_route=%2Fwp%2Fv2%2Fcomments&post=56397"}],"version-history":[{"count":1,"href":"https:\/\/zonaroja.com.mx\/index.php?rest_route=\/wp\/v2\/posts\/56397\/revisions"}],"predecessor-version":[{"id":56399,"href":"https:\/\/zonaroja.com.mx\/index.php?rest_route=\/wp\/v2\/posts\/56397\/revisions\/56399"}],"wp:featuredmedia":[{"embeddable":true,"href":"https:\/\/zonaroja.com.mx\/index.php?rest_route=\/wp\/v2\/media\/56398"}],"wp:attachment":[{"href":"https:\/\/zonaroja.com.mx\/index.php?rest_route=%2Fwp%2Fv2%2Fmedia&parent=56397"}],"wp:term":[{"taxonomy":"category","embeddable":true,"href":"https:\/\/zonaroja.com.mx\/index.php?rest_route=%2Fwp%2Fv2%2Fcategories&post=56397"},{"taxonomy":"post_tag","embeddable":true,"href":"https:\/\/zonaroja.com.mx\/index.php?rest_route=%2Fwp%2Fv2%2Ftags&post=56397"}],"curies":[{"name":"wp","href":"https:\/\/api.w.org\/{rel}","templated":true}]}}