{"id":56400,"date":"2023-06-13T09:14:38","date_gmt":"2023-06-13T14:14:38","guid":{"rendered":"http:\/\/www.zonaroja.com.mx\/?p=56400"},"modified":"2023-06-13T09:14:40","modified_gmt":"2023-06-13T14:14:40","slug":"congreso-del-estado-de-oaxaca-garantiza-educacion-de-calidad","status":"publish","type":"post","link":"https:\/\/zonaroja.com.mx\/?p=56400","title":{"rendered":"Congreso del Estado de Oaxaca garantiza educaci\u00f3n de calidad"},"content":{"rendered":"\n<p>Redacci\u00f3n\/Zona Roja.<\/p>\n\n\n\n<p>Oaxaca de Ju\u00e1rez, Oax., a 13 de junio de 2023.- La diputada presidenta de la Mesa Directiva, Miriam de Los \u00c1ngeles V\u00e1zquez Ruiz, sostuvo que desde la 65 Legislatura local se prioriza el di\u00e1logo y el an\u00e1lisis para seguir garantizando que la educaci\u00f3n en Oaxaca sea de calidad y que quienes se dedican a esta noble labor cuenten con las garant\u00edas necesarias para ejercer su trabajo.<\/p>\n\n\n\n<p>V\u00e1zquez Ru\u00edz ha participado junto con sus compa\u00f1eras y compa\u00f1eros quienes integran la Comisi\u00f3n Permanente de Educaci\u00f3n, en las mesas de trabajo con los profesores de la Secci\u00f3n 22 de la CNTE, en donde de manera coordinada y respetuosa se les ha hecho saber que el Congreso siempre ser\u00e1 garante de los derechos de las y los ni\u00f1os as\u00ed como de las y los maestros de Oaxaca.<\/p>\n\n\n\n<p>La diputada del PT sostuvo que en este proceso el di\u00e1logo abierto y circular ha sido la forma en que se ha dado respuesta a la demanda magisterial.&nbsp;<\/p>\n\n\n\n<p>Esta 65 Legislatura siempre estar\u00e1 abierta al di\u00e1logo y a la suma de propuestas para mejorar la educaci\u00f3n y las condiciones que se requieren para impulsar su desarrollo, puntualiz\u00f3 la legisladora.<\/p>\n\n\n\n<p>Finalmente la diputada confi\u00f3&nbsp; en que los trabajos concluyan con acuerdos donde se prioricen los intereses de la educaci\u00f3n y necesidades de las y los trabajadores de la educaci\u00f3n.<\/p>\n","protected":false},"excerpt":{"rendered":"<p>Redacci\u00f3n\/Zona Roja. Oaxaca de Ju\u00e1rez, Oax., a 13 de junio de 2023.- La diputada presidenta&hellip;<\/p>\n","protected":false},"author":2,"featured_media":55671,"comment_status":"closed","ping_status":"open","sticky":false,"template":"","format":"standard","meta":{"_lmt_disableupdate":"","_lmt_disable":"","_jetpack_memberships_contains_paid_content":false,"footnotes":""},"categories":[109,46],"tags":[2743],"class_list":["post-56400","post","type-post","status-publish","format-standard","has-post-thumbnail","hentry","category-minuto-a-minuto","category-zona-blanca","tag-65-legislatura-del-estado-de-oaxaca"],"jetpack_featured_media_url":"https:\/\/zonaroja.com.mx\/wp-content\/uploads\/2023\/05\/Sede-del-Congreso-del-Estado-Camara-de-Diputados.jpg","jetpack_sharing_enabled":true,"_links":{"self":[{"href":"https:\/\/zonaroja.com.mx\/index.php?rest_route=\/wp\/v2\/posts\/56400","targetHints":{"allow":["GET"]}}],"collection":[{"href":"https:\/\/zonaroja.com.mx\/index.php?rest_route=\/wp\/v2\/posts"}],"about":[{"href":"https:\/\/zonaroja.com.mx\/index.php?rest_route=\/wp\/v2\/types\/post"}],"author":[{"embeddable":true,"href":"https:\/\/zonaroja.com.mx\/index.php?rest_route=\/wp\/v2\/users\/2"}],"replies":[{"embeddable":true,"href":"https:\/\/zonaroja.com.mx\/index.php?rest_route=%2Fwp%2Fv2%2Fcomments&post=56400"}],"version-history":[{"count":1,"href":"https:\/\/zonaroja.com.mx\/index.php?rest_route=\/wp\/v2\/posts\/56400\/revisions"}],"predecessor-version":[{"id":56401,"href":"https:\/\/zonaroja.com.mx\/index.php?rest_route=\/wp\/v2\/posts\/56400\/revisions\/56401"}],"wp:featuredmedia":[{"embeddable":true,"href":"https:\/\/zonaroja.com.mx\/index.php?rest_route=\/wp\/v2\/media\/55671"}],"wp:attachment":[{"href":"https:\/\/zonaroja.com.mx\/index.php?rest_route=%2Fwp%2Fv2%2Fmedia&parent=56400"}],"wp:term":[{"taxonomy":"category","embeddable":true,"href":"https:\/\/zonaroja.com.mx\/index.php?rest_route=%2Fwp%2Fv2%2Fcategories&post=56400"},{"taxonomy":"post_tag","embeddable":true,"href":"https:\/\/zonaroja.com.mx\/index.php?rest_route=%2Fwp%2Fv2%2Ftags&post=56400"}],"curies":[{"name":"wp","href":"https:\/\/api.w.org\/{rel}","templated":true}]}}