{"id":56408,"date":"2023-06-13T15:23:51","date_gmt":"2023-06-13T20:23:51","guid":{"rendered":"http:\/\/www.zonaroja.com.mx\/?p=56408"},"modified":"2023-06-13T15:23:53","modified_gmt":"2023-06-13T20:23:53","slug":"aseguran-chimalapas-que-defenderan-su-territorio-asi-sea-contra-jara-cruz","status":"publish","type":"post","link":"https:\/\/zonaroja.com.mx\/?p=56408","title":{"rendered":"Aseguran Chimalapas que defender\u00e1n su territorio, as\u00ed sea contra Jara Cruz"},"content":{"rendered":"\n<p>Yuridiana Sosa\/Zona Roja.<\/p>\n\n\n\n<p>Oaxaca de Ju\u00e1rez, Oax., a 13 de junio de 2023.- Habitantes y comuneros de San Miguel y Santa Mar\u00eda Chimalapa advirtieron que existe traici\u00f3n y enga\u00f1o del gobierno estatal de Salom\u00f3n Jara Cruz para cumplir con la controversia constitucional 121\/2012, a fin de recuperar el territorio invadido por el estado de Chiapas.<\/p>\n\n\n\n<p>Desde el lunes comenzaron un bloqueo en la carretera Trans\u00edstmica, a la altura de la localidad El Mezquite, del municipio de Asunci\u00f3n Ixtaltepec, a trav\u00e9s del cual exigen al gobierno federal su inmediata intervenci\u00f3n y la presencia del secretario de Gobernaci\u00f3n, Ad\u00e1n Augusto L\u00f3pez Hern\u00e1ndez, ante lo que se\u00f1alan incapacidad e ineptitud del gobierno de Oaxaca.<\/p>\n\n\n\n<p>Los comuneros y comuneras apuntaron que se dieron cuenta de la burla que el gobierno de Jara Cruz realizaba en su supuesta intenci\u00f3n de cumplir con la sentencia, pues realiz\u00f3 un acuerdo amistoso con Chiapas, comport\u00e1ndose como si Oaxaca hubiera perdido la sentencia y sin transparencia.<\/p>\n\n\n\n<p>\u201cVamos a seguir defendiendo nuestros derechos a capa y espada, contra quien sea, si es contra nuestro mismo gobernador, as\u00ed ser\u00e1, no tenemos miedo, no nos quieran intimidar\u201d, sentenciaron.<\/p>\n\n\n\n<p>Adem\u00e1s, acusaron que el mandatario oaxaque\u00f1o trata de politizar el problema, cuando es un asunto agrario, mientras que el secretario de gobierno de Oaxaca, Jes\u00fas Romero, desconoce por completo el problema.<\/p>\n\n\n\n<p>El enojo de la comunidad se encendi\u00f3 tras la conferencia semanal de Jara Cruz, en la que desde el criterio de los Chimalapas desacredit\u00f3 el movimiento que comenzaron en exigencia del cumplimiento de la sentencia.<\/p>\n\n\n\n<p>Adem\u00e1s, durante su posicionamiento desde el bloqueo, apuntaron que Jes\u00fas Romero minti\u00f3 en su informe de actividades que ha realizado con los Chimalapas, pues descartaron que se hayan fijado fechas para mesas agrarias como lo anunci\u00f3 el funcionario.<\/p>\n\n\n\n<p>Por toda esta desconfianza, demandaron al gobierno federal su intervenci\u00f3n, al tiempo que responsabilizan a ambos niveles de gobierno de las acciones que la poblaci\u00f3n pueda tomar ante la desatenci\u00f3n.<\/p>\n\n\n\n<p>VERSI\u00d3N OFICIAL<\/p>\n\n\n\n<p>En tanto, el gobernador Salom\u00f3n Jara Cruz se\u00f1al\u00f3 ayer que tras los trazos err\u00f3neos que se dictaron en la sentencia para la recuperaci\u00f3n de territorio oaxaque\u00f1o, se lleg\u00f3 a un convenio con Chiapas para que se respeten las tierras de Oaxaca.<\/p>\n\n\n\n<p>Sin embargo, dijo, los habitantes de Santa Mar\u00eda y San Miguel Chimalapa est\u00e1n siendo mal asesorados por el ex consejero Jur\u00eddico de la administraci\u00f3n de Gabino Cu\u00e9, V\u00edctor Hugo Alejo, quien les sembr\u00f3 la inquietud de que las acciones realizadas por su gobierno son incorrectas.<\/p>\n\n\n\n<p>\u201cEs un asesor muy malo, y apenas lleg\u00f3, no lo ten\u00edan\u2026y ya hab\u00edamos precedido en la Corte (SCJN) y ante el Senado de la Rep\u00fablica y ahora hay que informar esto\u201d, expres\u00f3 Jara Cruz, quien asegur\u00f3 que s\u00ed est\u00e1n realizado labores para el cumplimiento de la sentencia a favor de Oaxaca.<\/p>\n\n\n\n<p>Ante todo esto, Jara Cruz tambi\u00e9n manifest\u00f3 su inconformidad al comportamiento de los Chimalapas y advirti\u00f3 que ya no volver\u00e1n a su territorio.<\/p>\n\n\n\n<p>\u201cA veces nos invita a platicar y vamos y retienen a nuestros compa\u00f1eros, pero ya no vamos a volver, ya no vamos a aceptar di\u00e1logo all\u00e1 porque luego los retienen\u201d, manifest\u00f3 en su conferencia de&nbsp;este lunes.<\/p>\n\n\n\n<p> <\/p>\n","protected":false},"excerpt":{"rendered":"<p>Yuridiana Sosa\/Zona Roja. Oaxaca de Ju\u00e1rez, Oax., a 13 de junio de 2023.- Habitantes y&hellip;<\/p>\n","protected":false},"author":2,"featured_media":56407,"comment_status":"closed","ping_status":"open","sticky":false,"template":"","format":"standard","meta":{"_lmt_disableupdate":"","_lmt_disable":"","_jetpack_memberships_contains_paid_content":false,"footnotes":""},"categories":[1,47],"tags":[],"class_list":["post-56408","post","type-post","status-publish","format-standard","has-post-thumbnail","hentry","category-sin-categoria","category-zona-gris"],"jetpack_featured_media_url":"https:\/\/zonaroja.com.mx\/wp-content\/uploads\/2023\/06\/a35ff310-4d4b-48b0-a94c-bbe822715ec6.jpg","jetpack_sharing_enabled":true,"_links":{"self":[{"href":"https:\/\/zonaroja.com.mx\/index.php?rest_route=\/wp\/v2\/posts\/56408","targetHints":{"allow":["GET"]}}],"collection":[{"href":"https:\/\/zonaroja.com.mx\/index.php?rest_route=\/wp\/v2\/posts"}],"about":[{"href":"https:\/\/zonaroja.com.mx\/index.php?rest_route=\/wp\/v2\/types\/post"}],"author":[{"embeddable":true,"href":"https:\/\/zonaroja.com.mx\/index.php?rest_route=\/wp\/v2\/users\/2"}],"replies":[{"embeddable":true,"href":"https:\/\/zonaroja.com.mx\/index.php?rest_route=%2Fwp%2Fv2%2Fcomments&post=56408"}],"version-history":[{"count":1,"href":"https:\/\/zonaroja.com.mx\/index.php?rest_route=\/wp\/v2\/posts\/56408\/revisions"}],"predecessor-version":[{"id":56409,"href":"https:\/\/zonaroja.com.mx\/index.php?rest_route=\/wp\/v2\/posts\/56408\/revisions\/56409"}],"wp:featuredmedia":[{"embeddable":true,"href":"https:\/\/zonaroja.com.mx\/index.php?rest_route=\/wp\/v2\/media\/56407"}],"wp:attachment":[{"href":"https:\/\/zonaroja.com.mx\/index.php?rest_route=%2Fwp%2Fv2%2Fmedia&parent=56408"}],"wp:term":[{"taxonomy":"category","embeddable":true,"href":"https:\/\/zonaroja.com.mx\/index.php?rest_route=%2Fwp%2Fv2%2Fcategories&post=56408"},{"taxonomy":"post_tag","embeddable":true,"href":"https:\/\/zonaroja.com.mx\/index.php?rest_route=%2Fwp%2Fv2%2Ftags&post=56408"}],"curies":[{"name":"wp","href":"https:\/\/api.w.org\/{rel}","templated":true}]}}