{"id":5641,"date":"2019-11-11T16:29:13","date_gmt":"2019-11-11T22:29:13","guid":{"rendered":"http:\/\/www.zonaroja.com.mx\/?p=5641"},"modified":"2019-11-11T16:29:17","modified_gmt":"2019-11-11T22:29:17","slug":"congreso-local-y-canal-del-congreso-de-la-union-firman-convenio","status":"publish","type":"post","link":"https:\/\/zonaroja.com.mx\/?p=5641","title":{"rendered":"Congreso local y Canal del Congreso de la Uni\u00f3n firman convenio"},"content":{"rendered":"\n<p>Redacci\u00f3n\/Zona\nRoja.<\/p>\n\n\n\n<p>San Raymundo\nJalpan, Oax., 11 de noviembre de 2019.- El Congreso del Estado de Oaxaca firm\u00f3\nhoy un convenio de colaboraci\u00f3n con el Instituto Belisario Dom\u00ednguez del Senado\nde la Rep\u00fablica&nbsp; y el Canal del Congreso\nde la Uni\u00f3n.<\/p>\n\n\n\n<p>Lo anterior con la finalidad de\u00a0 intercambiar experiencias sobre el quehacer comunicativo y de difusi\u00f3n de los tres organismos, as\u00ed como el acompa\u00f1amiento t\u00e9cnico para el mejor desempe\u00f1o del Congreso oaxaque\u00f1o, que apuesta por la apertura y la pluralidad en el manejo de la informaci\u00f3n.<\/p>\n\n\n\n<figure class=\"wp-block-embed-twitter wp-block-embed is-type-rich is-provider-twitter\"><div class=\"wp-block-embed__wrapper\">\n<div class=\"twitter-tweet\"><blockquote class=\"twitter-tweet\" data-lang=\"es\"><p lang=\"es\" dir=\"ltr\">Este lunes, el <a href=\"https:\/\/twitter.com\/CongresoOaxLXIV?ref_src=twsrc%5Etfw\">@CongresoOaxLXIV<\/a> firma un convenio de colaboraci\u00f3n con el Canal del Congreso de la Uni\u00f3n y el Instituto Belisario Dom\u00ednguez del Senado, a fin de lograr una mayor difusi\u00f3n de las actividades legislativas. <a href=\"https:\/\/t.co\/qD77SA94gS\">pic.twitter.com\/qD77SA94gS<\/a><\/p>&mdash; Zona Roja Oaxaca (@MexRoja) <a href=\"https:\/\/twitter.com\/MexRoja\/status\/1193937295436587010?ref_src=twsrc%5Etfw\">11 de noviembre de 2019<\/a><\/blockquote><\/div>\n<\/div><\/figure>\n\n\n\n<p>El senador y\npresidente de la Comisi\u00f3n del Canal del Congreso de la Uni\u00f3n, Cruz P\u00e9rez\nCu\u00e9llar, record\u00f3 que la democracia, m\u00e1s que ir a votar, debe traducirse en\nestar informados de lo que hacen las autoridades de ah\u00ed la importancia de\ncontar con los medios necesarios para difundir de manera responsable el trabajo\nlegislativo.<\/p>\n\n\n\n<p>En su\nintervenci\u00f3n, el diputado local y presidente de la Mesa Directiva, C\u00e9sar\nMorales Ni\u00f1o, dijo que conf\u00eda en que la firma de los convenios impacten m\u00e1s en\nla ciudadan\u00eda, quien merece estar informado de lo que sucede al interior de\nrecinto legislativo, las propuestas, modificaciones&nbsp; e iniciativas de cada uno de los legisladores\ny legisladoras en beneficio de la comunidad.<\/p>\n\n\n\n<p>Lo anterior\nfue secundado por la presidenta de la Junta de Coordinaci\u00f3n Pol\u00edtica, Laura\nEstrada Mauro, quien puntualiz\u00f3 que los convenios resultan trascendentales en\ntiempos en los que la ciudadan\u00eda exige un mejor trabajo de sus representantes\npopulares.<\/p>\n\n\n\n<p>El acuerdo\nfue signado con la presencia de Emanuel Mej\u00eda Le\u00f3n en representaci\u00f3n de la\nsenadora Susana Harp; la diputada federal Irma Juan Carlos; Carlos de la\nPortilla, Leslie Daniela Torres, Rodrigo Avila Barrieto y Eduardo Fern\u00e1ndez S\u00e0nchez\ndirector del canal del Congreso de la Uni\u00f3n.<\/p>\n","protected":false},"excerpt":{"rendered":"<p>Redacci\u00f3n\/Zona Roja. San Raymundo Jalpan, Oax., 11 de noviembre de 2019.- El Congreso del Estado&hellip;<\/p>\n","protected":false},"author":2,"featured_media":5642,"comment_status":"closed","ping_status":"open","sticky":false,"template":"","format":"standard","meta":{"_lmt_disableupdate":"","_lmt_disable":"","_jetpack_memberships_contains_paid_content":false,"footnotes":""},"categories":[46],"tags":[213,994],"class_list":["post-5641","post","type-post","status-publish","format-standard","has-post-thumbnail","hentry","category-zona-blanca","tag-64-legislatura-de-oaxaca","tag-canal-del-congreso-de-la-union"],"jetpack_featured_media_url":"https:\/\/zonaroja.com.mx\/wp-content\/uploads\/2019\/11\/Convenio-Congreso.jpg","jetpack_sharing_enabled":true,"_links":{"self":[{"href":"https:\/\/zonaroja.com.mx\/index.php?rest_route=\/wp\/v2\/posts\/5641","targetHints":{"allow":["GET"]}}],"collection":[{"href":"https:\/\/zonaroja.com.mx\/index.php?rest_route=\/wp\/v2\/posts"}],"about":[{"href":"https:\/\/zonaroja.com.mx\/index.php?rest_route=\/wp\/v2\/types\/post"}],"author":[{"embeddable":true,"href":"https:\/\/zonaroja.com.mx\/index.php?rest_route=\/wp\/v2\/users\/2"}],"replies":[{"embeddable":true,"href":"https:\/\/zonaroja.com.mx\/index.php?rest_route=%2Fwp%2Fv2%2Fcomments&post=5641"}],"version-history":[{"count":1,"href":"https:\/\/zonaroja.com.mx\/index.php?rest_route=\/wp\/v2\/posts\/5641\/revisions"}],"predecessor-version":[{"id":5643,"href":"https:\/\/zonaroja.com.mx\/index.php?rest_route=\/wp\/v2\/posts\/5641\/revisions\/5643"}],"wp:featuredmedia":[{"embeddable":true,"href":"https:\/\/zonaroja.com.mx\/index.php?rest_route=\/wp\/v2\/media\/5642"}],"wp:attachment":[{"href":"https:\/\/zonaroja.com.mx\/index.php?rest_route=%2Fwp%2Fv2%2Fmedia&parent=5641"}],"wp:term":[{"taxonomy":"category","embeddable":true,"href":"https:\/\/zonaroja.com.mx\/index.php?rest_route=%2Fwp%2Fv2%2Fcategories&post=5641"},{"taxonomy":"post_tag","embeddable":true,"href":"https:\/\/zonaroja.com.mx\/index.php?rest_route=%2Fwp%2Fv2%2Ftags&post=5641"}],"curies":[{"name":"wp","href":"https:\/\/api.w.org\/{rel}","templated":true}]}}