{"id":56411,"date":"2023-06-13T19:23:01","date_gmt":"2023-06-14T00:23:01","guid":{"rendered":"http:\/\/www.zonaroja.com.mx\/?p=56411"},"modified":"2023-06-13T19:24:03","modified_gmt":"2023-06-14T00:24:03","slug":"confirma-la-fiscalia-de-oaxaca-detencion-de-dos-ex-funcionarios-estatales","status":"publish","type":"post","link":"https:\/\/zonaroja.com.mx\/?p=56411","title":{"rendered":"Confirma la Fiscal\u00eda de Oaxaca detenci\u00f3n de dos ex funcionarios estatales"},"content":{"rendered":"\n<p>Ismael Garc\u00eda M.\/Zona Roja.<\/p>\n\n\n\n<p>Oaxaca de Ju\u00e1rez, Oax., a 13 de junio de 2023.- Por probables actos de corrupci\u00f3n, la Fiscal\u00eda General del Estado de Oaxaca detuvo a dos ex funcionarios de la Secretar\u00eda de las Infraestructuras y Ordenamiento Territorial (Sinfra), quienes laboraron en el sexenio de Alejandro Murat Hinojosa.<\/p>\n\n\n\n<p>Se trata de Alejandro C. C. A., quien fuera jefe de Infraestructura Urbana y Residente de Obra, aprehendido en Santa Cruz Xoxocotl\u00e1n, y Manuel M. C., subsecretario de Obras de la dependencia, detenido en el Infonavit Primero de Mayo de la ciudad de Oaxaca.<\/p>\n\n\n\n<p>En un comunicado, la Fiscal\u00eda inform\u00f3 que lo anterior fue derivado de las investigaciones efectuadas en materia de combate a la corrupci\u00f3n y a los dos se les imputa el delito de Uso Il\u00edcito de Atribuciones y Facultades en perjuicio patrimonial de Gobierno del Estado.<\/p>\n\n\n\n<p>De acuerdo con la causa penal 565\/2023, obtenida de las investigaciones efectuadas por la Fiscal\u00eda Especializada en Materia de Combate a la Corrupci\u00f3n del Estado de Oaxaca (FEMCO), se realizaron pagos indebidos derivados de la abstenci\u00f3n de cumplir con diferentes cl\u00e1usulas establecidas en el contrato de una obra al no verificar documentaci\u00f3n al respecto.<\/p>\n\n\n\n<p>Dicha obra es la inscrita en el Programa 108 de Infraestructura Vial del Estado de Oaxaca, del Proyecto \u00abAmpliaci\u00f3n y modernizaci\u00f3n de la carretera troncal 175 (Oaxaca- Puerto \u00c1ngel) del Km 1+000 al km 5+300 entronque a nivel con Av. Universidad en km 2+300 y construcci\u00f3n del Puente sobre \u00abR\u00edo Salado\u00bb en el km 2+977.14, en los municipios de Oaxaca de Ju\u00e1rez, Santa CruzXoxocotl\u00e1n, San Antonio de la Cal y San Agust\u00edn de las Juntas\u00bb.<\/p>\n\n\n\n<p>En el comunicado, la Fiscal\u00eda detall\u00f3 que, luego de obtener la orden de aprehensi\u00f3n, elementos de la Agencia Estatal de Investigaciones (AEI) realizaron operativos simult\u00e1neos que permitieron dar con el paradero de ambas personas, quienes fueron puestas a disposici\u00f3n de las autoridades, que se encargar\u00e1n de resolver su situaci\u00f3n jur\u00eddica en las pr\u00f3ximas horas.<\/p>\n\n\n\n<p>\u201cEl combate a la corrupci\u00f3n en los diversos \u00e1mbitos sociales es uno de los ejes rectores del proyecto de procuraci\u00f3n de justicia de la Fiscal\u00eda de Oaxaca, con el objetivo de resarcir el da\u00f1o que estas conductas provocan al erario y la sociedad\u201d, inform\u00f3 la instituci\u00f3n que preside Bernardo Rodr\u00edguez Alamilla.<\/p>\n","protected":false},"excerpt":{"rendered":"<p>Ismael Garc\u00eda M.\/Zona Roja. Oaxaca de Ju\u00e1rez, Oax., a 13 de junio de 2023.- Por&hellip;<\/p>\n","protected":false},"author":2,"featured_media":56413,"comment_status":"closed","ping_status":"open","sticky":false,"template":"","format":"standard","meta":{"_lmt_disableupdate":"","_lmt_disable":"","_jetpack_memberships_contains_paid_content":false,"footnotes":""},"categories":[109,46],"tags":[494],"class_list":["post-56411","post","type-post","status-publish","format-standard","has-post-thumbnail","hentry","category-minuto-a-minuto","category-zona-blanca","tag-fiscalia-general-del-estado-de-oaxaca"],"jetpack_featured_media_url":"https:\/\/zonaroja.com.mx\/wp-content\/uploads\/2023\/06\/Detenido-ex-funcionario-Sinfra.jpg","jetpack_sharing_enabled":true,"_links":{"self":[{"href":"https:\/\/zonaroja.com.mx\/index.php?rest_route=\/wp\/v2\/posts\/56411","targetHints":{"allow":["GET"]}}],"collection":[{"href":"https:\/\/zonaroja.com.mx\/index.php?rest_route=\/wp\/v2\/posts"}],"about":[{"href":"https:\/\/zonaroja.com.mx\/index.php?rest_route=\/wp\/v2\/types\/post"}],"author":[{"embeddable":true,"href":"https:\/\/zonaroja.com.mx\/index.php?rest_route=\/wp\/v2\/users\/2"}],"replies":[{"embeddable":true,"href":"https:\/\/zonaroja.com.mx\/index.php?rest_route=%2Fwp%2Fv2%2Fcomments&post=56411"}],"version-history":[{"count":1,"href":"https:\/\/zonaroja.com.mx\/index.php?rest_route=\/wp\/v2\/posts\/56411\/revisions"}],"predecessor-version":[{"id":56412,"href":"https:\/\/zonaroja.com.mx\/index.php?rest_route=\/wp\/v2\/posts\/56411\/revisions\/56412"}],"wp:featuredmedia":[{"embeddable":true,"href":"https:\/\/zonaroja.com.mx\/index.php?rest_route=\/wp\/v2\/media\/56413"}],"wp:attachment":[{"href":"https:\/\/zonaroja.com.mx\/index.php?rest_route=%2Fwp%2Fv2%2Fmedia&parent=56411"}],"wp:term":[{"taxonomy":"category","embeddable":true,"href":"https:\/\/zonaroja.com.mx\/index.php?rest_route=%2Fwp%2Fv2%2Fcategories&post=56411"},{"taxonomy":"post_tag","embeddable":true,"href":"https:\/\/zonaroja.com.mx\/index.php?rest_route=%2Fwp%2Fv2%2Ftags&post=56411"}],"curies":[{"name":"wp","href":"https:\/\/api.w.org\/{rel}","templated":true}]}}