{"id":56420,"date":"2023-06-14T08:27:03","date_gmt":"2023-06-14T13:27:03","guid":{"rendered":"http:\/\/www.zonaroja.com.mx\/?p=56420"},"modified":"2023-06-14T08:27:05","modified_gmt":"2023-06-14T13:27:05","slug":"suman-4-funcionarios-de-sinfra-en-el-gobierno-de-alejandro-murat-los-detenidos","status":"publish","type":"post","link":"https:\/\/zonaroja.com.mx\/?p=56420","title":{"rendered":"Suman 4 funcionarios de Sinfra en el gobierno de Alejandro Murat, los detenidos\u00a0"},"content":{"rendered":"\n<p>Redacci\u00f3n\/Zona Roja.<\/p>\n\n\n\n<p>Oaxaca de Ju\u00e1rez, Oax., a 14 de junio de 2023.- A cuatro asciende el n\u00famero de ex funcionarios de la Secretar\u00eda de las Infraestructuras y Ordenamiento Territorial (Sinfra) del gobierno de Oaxaca, detenidos por probable fraude y corrupci\u00f3n.<\/p>\n\n\n\n<p>Las m\u00e1s recientes aprehensiones registradas ayer por la tarde son de Leopoldo Gilberto L. L. y Rub\u00e9n C\u00e9sar M. H., que se suman a los casos de Manuel M. C. y Alejandro Crist\u00f3bal C. A.<\/p>\n\n\n\n<p>De los dos primeros casos, ayer la Fiscal\u00eda General del Estado dio a conocer en un comunicado de prensa que son imputados por el delito de Uso Il\u00edcito de Atribuciones y Facultades en perjuicio patrimonial de Gobierno del Estado.<\/p>\n\n\n\n<p>De acuerdo con la causa penal 565\/2023, obtenida de las investigaciones efectuadas por la Fiscal\u00eda Especializada en Materia de Combate a la Corrupci\u00f3n del Estado de Oaxaca (FEMCO), se realizaron pagos indebidos derivados de la abstenci\u00f3n de cumplir con diferentes cl\u00e1usulas establecidas en el contrato de una obra al no verificar documentaci\u00f3n al respecto.<\/p>\n\n\n\n<p>Dicha obra es la inscrita en el Programa 108 de Infraestructura Vial del Estado de Oaxaca, del Proyecto \u201cAmpliaci\u00f3n y modernizaci\u00f3n de la Carretera Troncal 175 (Oaxaca- Puerto \u00c1ngel) del Km 1+000 al km 5+300 entronque a nivel con Av. Universidad en km 2+300 y Construcci\u00f3n del Puente sobre \u201cR\u00edo Salado\u201d en el km 2+977.14, en los municipios de Oaxaca de Ju\u00e1rez, Santa Cruz Xoxocotl\u00e1n, San Antonio de la Cal y San Agust\u00edn de las Juntas\u201d.<\/p>\n","protected":false},"excerpt":{"rendered":"<p>Redacci\u00f3n\/Zona Roja. Oaxaca de Ju\u00e1rez, Oax., a 14 de junio de 2023.- A cuatro asciende&hellip;<\/p>\n","protected":false},"author":2,"featured_media":33678,"comment_status":"closed","ping_status":"open","sticky":false,"template":"","format":"standard","meta":{"_lmt_disableupdate":"","_lmt_disable":"","_jetpack_memberships_contains_paid_content":false,"footnotes":""},"categories":[109,46],"tags":[494],"class_list":["post-56420","post","type-post","status-publish","format-standard","has-post-thumbnail","hentry","category-minuto-a-minuto","category-zona-blanca","tag-fiscalia-general-del-estado-de-oaxaca"],"jetpack_featured_media_url":"https:\/\/zonaroja.com.mx\/wp-content\/uploads\/2021\/10\/Obras-Simbolos-Patrios-ciudad-de-Oaxaca.jpg","jetpack_sharing_enabled":true,"_links":{"self":[{"href":"https:\/\/zonaroja.com.mx\/index.php?rest_route=\/wp\/v2\/posts\/56420","targetHints":{"allow":["GET"]}}],"collection":[{"href":"https:\/\/zonaroja.com.mx\/index.php?rest_route=\/wp\/v2\/posts"}],"about":[{"href":"https:\/\/zonaroja.com.mx\/index.php?rest_route=\/wp\/v2\/types\/post"}],"author":[{"embeddable":true,"href":"https:\/\/zonaroja.com.mx\/index.php?rest_route=\/wp\/v2\/users\/2"}],"replies":[{"embeddable":true,"href":"https:\/\/zonaroja.com.mx\/index.php?rest_route=%2Fwp%2Fv2%2Fcomments&post=56420"}],"version-history":[{"count":1,"href":"https:\/\/zonaroja.com.mx\/index.php?rest_route=\/wp\/v2\/posts\/56420\/revisions"}],"predecessor-version":[{"id":56421,"href":"https:\/\/zonaroja.com.mx\/index.php?rest_route=\/wp\/v2\/posts\/56420\/revisions\/56421"}],"wp:featuredmedia":[{"embeddable":true,"href":"https:\/\/zonaroja.com.mx\/index.php?rest_route=\/wp\/v2\/media\/33678"}],"wp:attachment":[{"href":"https:\/\/zonaroja.com.mx\/index.php?rest_route=%2Fwp%2Fv2%2Fmedia&parent=56420"}],"wp:term":[{"taxonomy":"category","embeddable":true,"href":"https:\/\/zonaroja.com.mx\/index.php?rest_route=%2Fwp%2Fv2%2Fcategories&post=56420"},{"taxonomy":"post_tag","embeddable":true,"href":"https:\/\/zonaroja.com.mx\/index.php?rest_route=%2Fwp%2Fv2%2Ftags&post=56420"}],"curies":[{"name":"wp","href":"https:\/\/api.w.org\/{rel}","templated":true}]}}