{"id":56422,"date":"2023-06-14T10:27:00","date_gmt":"2023-06-14T15:27:00","guid":{"rendered":"http:\/\/www.zonaroja.com.mx\/?p=56422"},"modified":"2023-06-14T09:07:45","modified_gmt":"2023-06-14T14:07:45","slug":"piden-licencia-tres-legisladores-federales-buscan-candidatura-presidencial","status":"publish","type":"post","link":"https:\/\/zonaroja.com.mx\/?p=56422","title":{"rendered":"Piden licencia tres legisladores federales; buscan candidatura presidencial"},"content":{"rendered":"\n<p>Redacci\u00f3n\/Zona Roja Cdmx.<\/p>\n\n\n\n<p>Ciudad de M\u00e9xico, a 14 de junio de 2023.- Los tres aspirantes presidenciales en el Congreso, Ricardo Monreal \u00c1vila (Morena), Gerardo Fern\u00e1ndez Noro\u00f1a (PT) y Manuel Velasco (PVEM), solicitaron ya a la Comisi\u00f3n Permanente del Congreso su solicitud para separarse de sus encargos por tiempo indefinido y poder competir en la contienda interna para la candidatura presidencial y de cara a la elecci\u00f3n de 2024.&nbsp;<\/p>\n\n\n\n<p>La Comisi\u00f3n Permanente dar\u00e1 hoy paso a las licencias en la sesi\u00f3n ordinaria.&nbsp;El senador y coordinador de Morena, Ricardo Monreal \u00c1vila, envi\u00f3 su solicitud para separarse de su cargo de manera indefinida a partir de las 16:00 horas del viernes 16 de junio.&nbsp;<\/p>\n\n\n\n<p>La petici\u00f3n est\u00e1 firmada con d\u00eda 12 de junio y fue enviada al presidente de la Comisi\u00f3n Permanente del Congreso, el senador morenista Alejandro Armenta Mier.&nbsp;<\/p>\n\n\n\n<p>A su vez, el diputado federal por el Partido del Trabajo (PT), Gerardo Fern\u00e1ndez Noro\u00f1a, tambi\u00e9n envi\u00f3 su solicitud hace un par de d\u00eda y ya se encuentra agendada en la Gaceta Parlamentaria de la sesi\u00f3n ordinaria de la Comisi\u00f3n Permanente el d\u00eda de hoy.&nbsp;<br>En su documento, el diputado federal solicita la licencia por tiempo indefinido para separarse de su cargo como legislador federal a partir del jueves 15 de junio.&nbsp;<\/p>\n\n\n\n<p>\u00abPido a usted que dicha solicitud sea sometida a consideraci\u00f3n del Pleno de la Comisi\u00f3n Permanente del Congreso que se encuentra sesionando durante el segundo receso del segundo a\u00f1o legislativo\u00bb, expone.&nbsp;<\/p>\n\n\n\n<p>Lo anterior, explica Fern\u00e1ndez Noro\u00f1a, porque ha decidido participar como precandidato en el proceso interno para elegir la candiatura a la Presidencia de la Rep\u00fablica de la coalici\u00f3n Juntos Haremos Historia, conformada por Morena, PT y Verde Ecologista.&nbsp;<\/p>\n\n\n\n<p>Asimismo, el coordinador del Partido Verde Ecologista de M\u00e9xico (PVEM) en el Senado, Manuel Velasco Coello, ha solicitado licencia tambi\u00e9n para separarse por tiempo indefinido.&nbsp;<\/p>\n\n\n\n<p>(Informaci\u00f3n de \u201cEl Heraldo de M\u00e9xico\u201d)<\/p>\n","protected":false},"excerpt":{"rendered":"<p>Redacci\u00f3n\/Zona Roja Cdmx. Ciudad de M\u00e9xico, a 14 de junio de 2023.- Los tres aspirantes&hellip;<\/p>\n","protected":false},"author":2,"featured_media":56427,"comment_status":"closed","ping_status":"open","sticky":false,"template":"","format":"standard","meta":{"_lmt_disableupdate":"","_lmt_disable":"","_jetpack_memberships_contains_paid_content":false,"footnotes":""},"categories":[109,46],"tags":[3580],"class_list":["post-56422","post","type-post","status-publish","format-standard","has-post-thumbnail","hentry","category-minuto-a-minuto","category-zona-blanca","tag-elecciones-mexico-2024"],"jetpack_featured_media_url":"https:\/\/zonaroja.com.mx\/wp-content\/uploads\/2023\/06\/Legisladores-aspirantes-presidenciales.jpeg","jetpack_sharing_enabled":true,"_links":{"self":[{"href":"https:\/\/zonaroja.com.mx\/index.php?rest_route=\/wp\/v2\/posts\/56422","targetHints":{"allow":["GET"]}}],"collection":[{"href":"https:\/\/zonaroja.com.mx\/index.php?rest_route=\/wp\/v2\/posts"}],"about":[{"href":"https:\/\/zonaroja.com.mx\/index.php?rest_route=\/wp\/v2\/types\/post"}],"author":[{"embeddable":true,"href":"https:\/\/zonaroja.com.mx\/index.php?rest_route=\/wp\/v2\/users\/2"}],"replies":[{"embeddable":true,"href":"https:\/\/zonaroja.com.mx\/index.php?rest_route=%2Fwp%2Fv2%2Fcomments&post=56422"}],"version-history":[{"count":1,"href":"https:\/\/zonaroja.com.mx\/index.php?rest_route=\/wp\/v2\/posts\/56422\/revisions"}],"predecessor-version":[{"id":56428,"href":"https:\/\/zonaroja.com.mx\/index.php?rest_route=\/wp\/v2\/posts\/56422\/revisions\/56428"}],"wp:featuredmedia":[{"embeddable":true,"href":"https:\/\/zonaroja.com.mx\/index.php?rest_route=\/wp\/v2\/media\/56427"}],"wp:attachment":[{"href":"https:\/\/zonaroja.com.mx\/index.php?rest_route=%2Fwp%2Fv2%2Fmedia&parent=56422"}],"wp:term":[{"taxonomy":"category","embeddable":true,"href":"https:\/\/zonaroja.com.mx\/index.php?rest_route=%2Fwp%2Fv2%2Fcategories&post=56422"},{"taxonomy":"post_tag","embeddable":true,"href":"https:\/\/zonaroja.com.mx\/index.php?rest_route=%2Fwp%2Fv2%2Ftags&post=56422"}],"curies":[{"name":"wp","href":"https:\/\/api.w.org\/{rel}","templated":true}]}}