{"id":56429,"date":"2023-06-14T12:32:00","date_gmt":"2023-06-14T17:32:00","guid":{"rendered":"http:\/\/www.zonaroja.com.mx\/?p=56429"},"modified":"2023-06-14T08:33:48","modified_gmt":"2023-06-14T13:33:48","slug":"opinion-la-appo","status":"publish","type":"post","link":"https:\/\/zonaroja.com.mx\/?p=56429","title":{"rendered":"Opini\u00f3n. La APPO"},"content":{"rendered":"\n<p>Diego Enrique Osorno*<\/p>\n\n\n\n<p>El 14 de junio de 2006, tras el fallido desalojo de un plant\u00f3n en el Z\u00f3calo de la ciudad de Oaxaca, inici\u00f3 la creaci\u00f3n de uno de los movimientos sociales m\u00e1s complejos que han irrumpido en el escenario pol\u00edtico mexicano moderno. La Asamblea Popular de los Pueblos de Oaxaca, mejor recordada como la APPO, fue la nomenclatura visible que tuvo la primera insurrecci\u00f3n del siglo XXI en el pa\u00eds.<\/p>\n\n\n\n<p>Han pasado ya 17 a\u00f1os de aquella resistencia ofrecida por maestros de la secci\u00f3n 22 del SNTE y militantes de otras organizaciones populares asediadas durante el nefasto gobierno de Ulises Ruiz, que llev\u00f3 a cabo ese d\u00eda un desmesurado operativo, quiz\u00e1 envalentonado por el que hab\u00eda ejecutado atrozmente poco m\u00e1s de un mes antes, en San Salvador Atenco, el gobierno de&nbsp;Estado de M\u00e9xico, a cargo de Enrique Pe\u00f1a Nieto, contra comuneros locales y simpatizantes del Frente de Pueblos en Defensa de la Tierra.<\/p>\n\n\n\n<p>La respuesta dada por el magisterio democr\u00e1tico oaxaque\u00f1o ese 14 de junio alter\u00f3 la l\u00ednea represiva que parec\u00eda invicta ese a\u00f1o en el que tambi\u00e9n fueron atacadas una serie de huelgas y protestas mineras leg\u00edtimas en Cananea y Nacozari, Sonora; L\u00e1zaro C\u00e1rdenas, Michoac\u00e1n y Sombrerete, Zacatecas, entre otros lugares del pa\u00eds.<\/p>\n\n\n\n<p>Durante los d\u00edas siguientes, del 17 al 21 de junio, representantes de un sinf\u00edn de grupos oaxaque\u00f1os discutieron y decidieron conformar la APPO, que a lo largo de 2006 llevar\u00eda a cabo una serie de gestas asombrosas antes de ser reprimida de manera cruenta e irregular por paramilitares y fuerzas de seguridad oficiales, a trav\u00e9s de operaciones dise\u00f1adas por Genaro Garc\u00eda Luna y Eduardo Medina Mora, hoy defenestrados.<\/p>\n\n\n\n<p>Aquel nivel de organizaci\u00f3n amplio y horizontal tiene un posible espejo, en cuanto a incandescencia esperanzadora, con el actual movimiento feminista. No solo se trataba de un estallido de rabia ni tampoco exclusivamente de lucha ideol\u00f3gica o una conciencia cr\u00edtica activada, aunque todos estos componentes exist\u00edan en el origen de la APPO. Algo que prevalec\u00eda, en esencia, era una percepci\u00f3n masiva compartida de que la lucha por la democracia no se limitaba a las urnas. Que la promesa de mayor libertad y justicia augurada con la alternancia electoral del a\u00f1o 2000 no hab\u00eda llegado y hab\u00eda que salir a las calles a buscarla. Hoy, aunque la APPO desapareci\u00f3, dicha necesidad persiste.<\/p>\n\n\n\n<p>*Escritor y periodista.<\/p>\n\n\n\n<p>@DiegoEOsorno.<\/p>\n","protected":false},"excerpt":{"rendered":"<p>Diego Enrique Osorno* El 14 de junio de 2006, tras el fallido desalojo de un&hellip;<\/p>\n","protected":false},"author":2,"featured_media":48560,"comment_status":"closed","ping_status":"open","sticky":false,"template":"","format":"standard","meta":{"_lmt_disableupdate":"","_lmt_disable":"","_jetpack_memberships_contains_paid_content":false,"footnotes":""},"categories":[456,109],"tags":[3020],"class_list":["post-56429","post","type-post","status-publish","format-standard","has-post-thumbnail","hentry","category-columna","category-minuto-a-minuto","tag-diego-enrique-osorno"],"jetpack_featured_media_url":"https:\/\/zonaroja.com.mx\/wp-content\/uploads\/2022\/11\/Diego-Enrique-Osorno.jpeg","jetpack_sharing_enabled":true,"_links":{"self":[{"href":"https:\/\/zonaroja.com.mx\/index.php?rest_route=\/wp\/v2\/posts\/56429","targetHints":{"allow":["GET"]}}],"collection":[{"href":"https:\/\/zonaroja.com.mx\/index.php?rest_route=\/wp\/v2\/posts"}],"about":[{"href":"https:\/\/zonaroja.com.mx\/index.php?rest_route=\/wp\/v2\/types\/post"}],"author":[{"embeddable":true,"href":"https:\/\/zonaroja.com.mx\/index.php?rest_route=\/wp\/v2\/users\/2"}],"replies":[{"embeddable":true,"href":"https:\/\/zonaroja.com.mx\/index.php?rest_route=%2Fwp%2Fv2%2Fcomments&post=56429"}],"version-history":[{"count":1,"href":"https:\/\/zonaroja.com.mx\/index.php?rest_route=\/wp\/v2\/posts\/56429\/revisions"}],"predecessor-version":[{"id":56430,"href":"https:\/\/zonaroja.com.mx\/index.php?rest_route=\/wp\/v2\/posts\/56429\/revisions\/56430"}],"wp:featuredmedia":[{"embeddable":true,"href":"https:\/\/zonaroja.com.mx\/index.php?rest_route=\/wp\/v2\/media\/48560"}],"wp:attachment":[{"href":"https:\/\/zonaroja.com.mx\/index.php?rest_route=%2Fwp%2Fv2%2Fmedia&parent=56429"}],"wp:term":[{"taxonomy":"category","embeddable":true,"href":"https:\/\/zonaroja.com.mx\/index.php?rest_route=%2Fwp%2Fv2%2Fcategories&post=56429"},{"taxonomy":"post_tag","embeddable":true,"href":"https:\/\/zonaroja.com.mx\/index.php?rest_route=%2Fwp%2Fv2%2Ftags&post=56429"}],"curies":[{"name":"wp","href":"https:\/\/api.w.org\/{rel}","templated":true}]}}