{"id":56431,"date":"2023-06-14T13:34:00","date_gmt":"2023-06-14T18:34:00","guid":{"rendered":"http:\/\/www.zonaroja.com.mx\/?p=56431"},"modified":"2023-06-14T08:36:05","modified_gmt":"2023-06-14T13:36:05","slug":"no-es-la-primera-vez-que-regidora-panista-de-reynos-traficaba-droga","status":"publish","type":"post","link":"https:\/\/zonaroja.com.mx\/?p=56431","title":{"rendered":"No es la primera vez que regidora panista de Reynos traficaba droga"},"content":{"rendered":"\n<p>Redacci\u00f3n\/Zona Roja Cdmx.<\/p>\n\n\n\n<p>Ciudad de M\u00e9xico, a 14 de junio de 2023.- Despu\u00e9s de que se diera a conocer la detenci\u00f3n de Denisse Ahumada Mart\u00ednez por intentar transportar casi 42 kilos de coca\u00edna en su veh\u00edculo hacia Estados Unidos, el Partido Acci\u00f3n Nacional (PAN) rechaz\u00f3 que la funcionaria fuera parte de la organizaci\u00f3n.<\/p>\n\n\n\n<p>\u201cAcci\u00f3n Nacional informa que la regidora por Reynosa, Denisse Ahumada Mart\u00ednez, no es miembro ni militante de Acci\u00f3n Nacional\u201d, comunic\u00f3 el partido en su sede de Tamaulipas por medio de un pronunciamiento oficial.<\/p>\n\n\n\n<p>Sumado a ello, el organismo reprob\u00f3 los hechos delictivos por los cuales ha sido se\u00f1alada la funcionaria. \u201cEsperamos que la ley determine esta situaci\u00f3n\u201d, agregaron en la tarjeta informativa.<\/p>\n\n\n\n<p>Cabe se\u00f1alar que Denisse Ahumada hab\u00eda llegado al Ayuntamiento de Reynosa como regidora plurinominal por parte del Partido Verde Ecologista de M\u00e9xico (PVEM). Sin embargo, en diciembre de 2021 denunci\u00f3 haber sido v\u00edctima de violencia pol\u00edtica dentro del instituto y present\u00f3 su renuncia. Ese mismo mes se integr\u00f3 al PAN.<\/p>\n\n\n\n<p>\u201cEs una gran noticia para el PAN aqu\u00ed en Reynosa [&#8230;] Contamos aqu\u00ed con la regidora Denisse a la cual le agradezco mucho el haber tomado esta valiosa decisi\u00f3n, pero sobre todo tan acertada decisi\u00f3n de incorporarse a Acci\u00f3n Nacional\u201d, declar\u00f3 en aquel entonces Luis Ren\u00e9 Cant\u00fa Galv\u00e1n, presidente estatal del PAN en Tamaulipas.<\/p>\n\n\n\n<p>Al ser cuestionado sobre la reciente detenci\u00f3n de la regidora, Cant\u00fa Galv\u00e1n dijo a la prensa que Ahumada en realidad nunca hab\u00eda sido inscrita formalmente al partido blanquiazul, sino que todo fue mediante \u201cacuerdo pol\u00edticos\u201d.<\/p>\n\n\n\n<p>\u201cSiempre hemos sido un partido de puertas abiertas &#8230; Reprobamos las conductas como esa y pues al final de cuentas no queda m\u00e1s que esperar que las autoridades hagan lo competente&#8230; Nunca fue adherida a Acci\u00f3n Nacional, fue un acuerdo pol\u00edtico en el que ella se sal\u00eda del Verde y ve\u00eda en las siglas de Acci\u00f3n Nacional la oportunidad de estar ah\u00ed representando en el Cabildo\u201d, dijo el dirigente estatal del PAN la ma\u00f1ana del 13 de junio.<\/p>\n\n\n\n<p>Ahumada Mart\u00ednez fue detenida el 10 de junio debido a que agentes de la Patrulla Fronteriza del punto de control de Falfurrias encontraran el cargamento dentro de su veh\u00edculo Mazda SUV.<\/p>\n\n\n\n<p>Gracias a un dispositivo de inspecci\u00f3n con rayos X, los elementos de seguridad identificaron que la ahora detenida transportaba diversos paquetes de coca\u00edna en los asientos y en los paneles de las puertas del autom\u00f3vil.<\/p>\n\n\n\n<p>Luego del hallazgo de narc\u00f3ticos, los agentes fronterizos notificaron a la Administraci\u00f3n de Control de Drogas (DEA, por sus siglas en ingl\u00e9s), que mand\u00f3 a elementos especiales para entrevistar a la regidora.<\/p>\n\n\n\n<p>En el reporte oficial, se estableci\u00f3 que Denisse Ahumada pretend\u00eda llevar la droga hasta San Antonio, Texas. Adem\u00e1s, confes\u00f3 que ya hab\u00eda transportado estupefacientes en el pasado.<\/p>\n\n\n\n<p>Su primera comparecencia ante las autoridades judiciales fue el lunes 12 de julio en la Corte de Distrito Sur de Texas, en McAllen. El juez Juan F. Alan\u00eds fue el encargado de encabezar la audiencia y orden\u00f3 que Ahumada se quedara detenida sin derecho a fianza.<\/p>\n\n\n\n<p>Ser\u00e1 a las 14:00 horas del 14 de junio cuando Denisse Ahumada deba presentarse nuevamente ante el juez Alan\u00eds para una segunda audiencia preliminar, en atenci\u00f3n al proceso que enfrenta por el tr\u00e1fico de casi 42 kilos de coca\u00edna.<\/p>\n\n\n\n<p>(Informaci\u00f3n de Infobae M\u00e9xico)<\/p>\n","protected":false},"excerpt":{"rendered":"<p>Redacci\u00f3n\/Zona Roja Cdmx. Ciudad de M\u00e9xico, a 14 de junio de 2023.- Despu\u00e9s de que&hellip;<\/p>\n","protected":false},"author":2,"featured_media":56425,"comment_status":"closed","ping_status":"open","sticky":false,"template":"","format":"standard","meta":{"_lmt_disableupdate":"","_lmt_disable":"","_jetpack_memberships_contains_paid_content":false,"footnotes":""},"categories":[109,47],"tags":[3581],"class_list":["post-56431","post","type-post","status-publish","format-standard","has-post-thumbnail","hentry","category-minuto-a-minuto","category-zona-gris","tag-denisse-ahumada-martinez"],"jetpack_featured_media_url":"https:\/\/zonaroja.com.mx\/wp-content\/uploads\/2023\/06\/Denisse-Ahumada-Reynosa.jpeg","jetpack_sharing_enabled":true,"_links":{"self":[{"href":"https:\/\/zonaroja.com.mx\/index.php?rest_route=\/wp\/v2\/posts\/56431","targetHints":{"allow":["GET"]}}],"collection":[{"href":"https:\/\/zonaroja.com.mx\/index.php?rest_route=\/wp\/v2\/posts"}],"about":[{"href":"https:\/\/zonaroja.com.mx\/index.php?rest_route=\/wp\/v2\/types\/post"}],"author":[{"embeddable":true,"href":"https:\/\/zonaroja.com.mx\/index.php?rest_route=\/wp\/v2\/users\/2"}],"replies":[{"embeddable":true,"href":"https:\/\/zonaroja.com.mx\/index.php?rest_route=%2Fwp%2Fv2%2Fcomments&post=56431"}],"version-history":[{"count":1,"href":"https:\/\/zonaroja.com.mx\/index.php?rest_route=\/wp\/v2\/posts\/56431\/revisions"}],"predecessor-version":[{"id":56432,"href":"https:\/\/zonaroja.com.mx\/index.php?rest_route=\/wp\/v2\/posts\/56431\/revisions\/56432"}],"wp:featuredmedia":[{"embeddable":true,"href":"https:\/\/zonaroja.com.mx\/index.php?rest_route=\/wp\/v2\/media\/56425"}],"wp:attachment":[{"href":"https:\/\/zonaroja.com.mx\/index.php?rest_route=%2Fwp%2Fv2%2Fmedia&parent=56431"}],"wp:term":[{"taxonomy":"category","embeddable":true,"href":"https:\/\/zonaroja.com.mx\/index.php?rest_route=%2Fwp%2Fv2%2Fcategories&post=56431"},{"taxonomy":"post_tag","embeddable":true,"href":"https:\/\/zonaroja.com.mx\/index.php?rest_route=%2Fwp%2Fv2%2Ftags&post=56431"}],"curies":[{"name":"wp","href":"https:\/\/api.w.org\/{rel}","templated":true}]}}