{"id":56433,"date":"2023-06-14T12:37:00","date_gmt":"2023-06-14T17:37:00","guid":{"rendered":"http:\/\/www.zonaroja.com.mx\/?p=56433"},"modified":"2023-06-14T08:38:11","modified_gmt":"2023-06-14T13:38:11","slug":"sostienen-colectivos-y-victimas-exigencia-a-jara-sobre-destitucion-de-donato-vargas","status":"publish","type":"post","link":"https:\/\/zonaroja.com.mx\/?p=56433","title":{"rendered":"Sostienen colectivos y v\u00edctimas exigencia a Jara sobre destituci\u00f3n de Donato Vargas"},"content":{"rendered":"\n<p>Yuridiana Sosa\/Zona Roja.<\/p>\n\n\n\n<p>Oaxaca de Ju\u00e1rez, Oax., a 14 de junio de 2023.- A seis meses de reafirmar en denuncias p\u00fablicas las violencias de g\u00e9nero cometidas Donato Vargas, funcionario del gobierno de Salom\u00f3n Jara, y a casi tres meses de presentar las pruebas y litigios penales al mismo mandatario, Consorcio Oaxaca exigi\u00f3 una vez m\u00e1s la destituci\u00f3n servidor p\u00fablico.<\/p>\n\n\n\n<p>La omisi\u00f3n del jefe del Poder Ejecutivo en Oaxaca alarm\u00f3 a los colectivos, por lo que se pronunciaron nuevamente para que hagan cumplir las leyes estatales en materia de sancionar la violencia contra las mujeres.<\/p>\n\n\n\n<p>\u201cLa exigencia de la destituci\u00f3n del funcionario del Gobierno del Estado de Oaxaca, Donato Vargas Jim\u00e9nez contin\u00faa; mantener en el gabinete a un agresor que ha sido actor de diversas denuncias p\u00fablicas por sus pr\u00e1cticas sexistas, mis\u00f3ginas y violentas significa ser c\u00f3mplice de la violencia feminicida contra las mujeres\u201d, sentenci\u00f3 Consorcio Oaxaca.<\/p>\n\n\n\n<p>La organizaci\u00f3n defensora de las mujeres se\u00f1al\u00f3 que est\u00e1n en espera de la respuesta que el Jara Cruz sobre el caso por escrito y los avances en la investigaci\u00f3n realizada por la Fiscal\u00eda General del Estado de Oaxaca.<\/p>\n\n\n\n<p>\u201c\u00a1El patr\u00f3n de impunidad y simulaci\u00f3n que ha prevalecido en el gobierno deja en el estado de mayor vulnerabilidad a las mujeres!\u201d, recalc\u00f3 el colectivo.<\/p>\n\n\n\n<p>PREVIAS DENUNCIAS<\/p>\n\n\n\n<p>En abril pasado la representante de Consorcio Oaxaca, Y\u00e9sica S\u00e1nchez Maya, se\u00f1al\u00f3 que semanas antes hab\u00edan entregado al gobernador Salom\u00f3n Jara las evidencias f\u00edsicas documentadas de las denuncias contra&nbsp;Donato&nbsp;Vargas, con el fin de que tomar\u00e1 acciones en su contra.<\/p>\n\n\n\n<p>Dijo que las pruebas fueron entregadas en respuesta a la solicitud del gobernador para que quienes tuvieran pruebas contra sus funcionarios en materia de violencia de g\u00e9nero las presentaran.<\/p>\n\n\n\n<p>Las evidencias, agreg\u00f3, tambi\u00e9n fueron entregadas a la Secretar\u00eda de Gobierno de Oaxaca, a la Secretar\u00eda de la Mujer del estado y a nivel nacional al Instituto Nacional de las Mujeres (INMujeres), Comisi\u00f3n Nacional para Prevenir y Erradicar la Violencia Contra las Mujeres (Conavim) y al presidente Andr\u00e9s Manuel L\u00f3pez Obrador.<\/p>\n\n\n\n<p>Fue en la conferencia del 27 de marzo que el gobernador defendi\u00f3 a Donato Vargas luego de ser exhibido en redes sociales en estado de ebriedad.<\/p>\n\n\n\n<p>A lo que dijo:\u201cLe traen muchas ganas. Pero que presenten la queja, h\u00e1ganlo, si tiene alg\u00fan agravio contra alg\u00fan ciudadano o ha cometido alg\u00fan delito, con mucho gusto. Pero yo le reconozco a&nbsp;Donato, es un compa\u00f1ero muy trabajador, muy dedicado, muy pocos como \u00e9l\u201d.<\/p>\n","protected":false},"excerpt":{"rendered":"<p>Yuridiana Sosa\/Zona Roja. Oaxaca de Ju\u00e1rez, Oax., a 14 de junio de 2023.- A seis&hellip;<\/p>\n","protected":false},"author":2,"featured_media":53398,"comment_status":"closed","ping_status":"open","sticky":false,"template":"","format":"standard","meta":{"_lmt_disableupdate":"","_lmt_disable":"","_jetpack_memberships_contains_paid_content":false,"footnotes":""},"categories":[109,47],"tags":[3502],"class_list":["post-56433","post","type-post","status-publish","format-standard","has-post-thumbnail","hentry","category-minuto-a-minuto","category-zona-gris","tag-donato-vargas-jimenez"],"jetpack_featured_media_url":"https:\/\/zonaroja.com.mx\/wp-content\/uploads\/2023\/03\/salomon-jara-y-donato-vargas.jpg","jetpack_sharing_enabled":true,"_links":{"self":[{"href":"https:\/\/zonaroja.com.mx\/index.php?rest_route=\/wp\/v2\/posts\/56433","targetHints":{"allow":["GET"]}}],"collection":[{"href":"https:\/\/zonaroja.com.mx\/index.php?rest_route=\/wp\/v2\/posts"}],"about":[{"href":"https:\/\/zonaroja.com.mx\/index.php?rest_route=\/wp\/v2\/types\/post"}],"author":[{"embeddable":true,"href":"https:\/\/zonaroja.com.mx\/index.php?rest_route=\/wp\/v2\/users\/2"}],"replies":[{"embeddable":true,"href":"https:\/\/zonaroja.com.mx\/index.php?rest_route=%2Fwp%2Fv2%2Fcomments&post=56433"}],"version-history":[{"count":1,"href":"https:\/\/zonaroja.com.mx\/index.php?rest_route=\/wp\/v2\/posts\/56433\/revisions"}],"predecessor-version":[{"id":56434,"href":"https:\/\/zonaroja.com.mx\/index.php?rest_route=\/wp\/v2\/posts\/56433\/revisions\/56434"}],"wp:featuredmedia":[{"embeddable":true,"href":"https:\/\/zonaroja.com.mx\/index.php?rest_route=\/wp\/v2\/media\/53398"}],"wp:attachment":[{"href":"https:\/\/zonaroja.com.mx\/index.php?rest_route=%2Fwp%2Fv2%2Fmedia&parent=56433"}],"wp:term":[{"taxonomy":"category","embeddable":true,"href":"https:\/\/zonaroja.com.mx\/index.php?rest_route=%2Fwp%2Fv2%2Fcategories&post=56433"},{"taxonomy":"post_tag","embeddable":true,"href":"https:\/\/zonaroja.com.mx\/index.php?rest_route=%2Fwp%2Fv2%2Ftags&post=56433"}],"curies":[{"name":"wp","href":"https:\/\/api.w.org\/{rel}","templated":true}]}}