{"id":5644,"date":"2019-11-11T17:01:47","date_gmt":"2019-11-11T23:01:47","guid":{"rendered":"http:\/\/www.zonaroja.com.mx\/?p=5644"},"modified":"2019-11-11T17:01:50","modified_gmt":"2019-11-11T23:01:50","slug":"por-razones-humanitarias-mexico-da-asilo-a-evo-morales","status":"publish","type":"post","link":"https:\/\/zonaroja.com.mx\/?p=5644","title":{"rendered":"\u201cPor razones humanitarias\u201d, M\u00e9xico da asilo a Evo Morales"},"content":{"rendered":"\n<p>Redacci\u00f3n\/Zona\nRoja Cdmx.<\/p>\n\n\n\n<p>Ciudad de\nM\u00e9xico, 11 de noviembre de 2019.- Bajo el argumento de \u201crazones humanitarias\u201d,\nel gobierno de M\u00e9xico otorg\u00f3 hoy asilo pol\u00edtico al ex presidente de Bolivia,\nEvo Morales.<\/p>\n\n\n\n<p>El\nsecretario de Relaciones Exteriores, Marcelo Ebrard Casaub\u00f3n, hizo hoy el\nanuncio por lo cual las autoridades diplom\u00e1ticas mexicanas ya se comunicaron\ncon el ministerio de Relaciones Exteriores de Bolivia.<\/p>\n\n\n\n<p>Lo anterior\na fin de que bajo el derecho internacional, se proceda a otorgar el correspondiente\nsalvoconducto y las seguridades, as\u00ed como garant\u00edas de que la vida, integridad\npersonal y libertad de Evo Morales.<\/p>\n\n\n\n<p>De darse las\ncondiciones en aquel pa\u00eds para que se permita la salida del ex mandatario,\npodr\u00eda dejar territorio boliviano en breve y llegar a M\u00e9xico en las pr\u00f3ximas\nhoras, indic\u00f3.&nbsp; <\/p>\n\n\n\n<p>Evo Morales\nacept\u00f3 el ofrecimiento de asilo que la v\u00edspera le hiciera el gobierno de Andr\u00e9s\nManuel L\u00f3pez Obrador, luego de que dimitiera de la presidencia boliviana.<\/p>\n\n\n\n<p>\u201cLes informo\nque hace unos momentos recib\u00ed una llamada del presidente Evo Morales, mediante\nla cual respondi\u00f3 a nuestra invitaci\u00f3n y solicit\u00f3 verbal y formalmente asilo\npol\u00edtico en nuestro pa\u00eds.<\/p>\n\n\n\n<p>\u201cEn t\u00e9rminos\nde la legislaci\u00f3n vigente, la canciller\u00eda mexicana, previa opini\u00f3n de la\nSecretar\u00eda de Gobernaci\u00f3n, en voz de la ministra Olga S\u00e1nchez Cordero, ha\ndecidido concederle asilo pol\u00edtico al se\u00f1or Evo Morales, por razones\nhumanitarias y en virtud de la situaci\u00f3n de urgencia que enfrenta en Bolivia,\nen donde su vida y su integridad corren riesgo\u201d, subray\u00f3 Ebrard.<\/p>\n\n\n\n<p>Indic\u00f3 que\nha procedido a informar al Senado de la Rep\u00fablica esta decisi\u00f3n ante estos\n\u201chechos de relevancia para nuestra pol\u00edtica exterior\u201d, a fin de que ese \u00f3rgano\nLegislativo respalde la protecci\u00f3n internacional para Evo Morales.<\/p>\n\n\n\n<p>\u201cEl\notorgamiento de asilo es un derecho soberano del Estado mexicano que va acorde\ncon sus principios normativos en pol\u00edtica exterior para proteger los derechos humanos\ny respetar la autodeterminaci\u00f3n de los pueblos, la soluci\u00f3n pac\u00edfica de las\ncontroversias y la no intervenci\u00f3n\u201d, remarc\u00f3.<\/p>\n\n\n\n<p>(Agencias)<\/p>\n","protected":false},"excerpt":{"rendered":"<p>Redacci\u00f3n\/Zona Roja Cdmx. Ciudad de M\u00e9xico, 11 de noviembre de 2019.- Bajo el argumento de&hellip;<\/p>\n","protected":false},"author":2,"featured_media":5645,"comment_status":"closed","ping_status":"open","sticky":false,"template":"","format":"standard","meta":{"_lmt_disableupdate":"","_lmt_disable":"","_jetpack_memberships_contains_paid_content":false,"footnotes":""},"categories":[109,47],"tags":[996],"class_list":["post-5644","post","type-post","status-publish","format-standard","has-post-thumbnail","hentry","category-minuto-a-minuto","category-zona-gris","tag-bolivia"],"jetpack_featured_media_url":"https:\/\/zonaroja.com.mx\/wp-content\/uploads\/2019\/11\/Evo.jpg","jetpack_sharing_enabled":true,"_links":{"self":[{"href":"https:\/\/zonaroja.com.mx\/index.php?rest_route=\/wp\/v2\/posts\/5644","targetHints":{"allow":["GET"]}}],"collection":[{"href":"https:\/\/zonaroja.com.mx\/index.php?rest_route=\/wp\/v2\/posts"}],"about":[{"href":"https:\/\/zonaroja.com.mx\/index.php?rest_route=\/wp\/v2\/types\/post"}],"author":[{"embeddable":true,"href":"https:\/\/zonaroja.com.mx\/index.php?rest_route=\/wp\/v2\/users\/2"}],"replies":[{"embeddable":true,"href":"https:\/\/zonaroja.com.mx\/index.php?rest_route=%2Fwp%2Fv2%2Fcomments&post=5644"}],"version-history":[{"count":1,"href":"https:\/\/zonaroja.com.mx\/index.php?rest_route=\/wp\/v2\/posts\/5644\/revisions"}],"predecessor-version":[{"id":5646,"href":"https:\/\/zonaroja.com.mx\/index.php?rest_route=\/wp\/v2\/posts\/5644\/revisions\/5646"}],"wp:featuredmedia":[{"embeddable":true,"href":"https:\/\/zonaroja.com.mx\/index.php?rest_route=\/wp\/v2\/media\/5645"}],"wp:attachment":[{"href":"https:\/\/zonaroja.com.mx\/index.php?rest_route=%2Fwp%2Fv2%2Fmedia&parent=5644"}],"wp:term":[{"taxonomy":"category","embeddable":true,"href":"https:\/\/zonaroja.com.mx\/index.php?rest_route=%2Fwp%2Fv2%2Fcategories&post=5644"},{"taxonomy":"post_tag","embeddable":true,"href":"https:\/\/zonaroja.com.mx\/index.php?rest_route=%2Fwp%2Fv2%2Ftags&post=5644"}],"curies":[{"name":"wp","href":"https:\/\/api.w.org\/{rel}","templated":true}]}}