{"id":56448,"date":"2023-06-14T12:19:40","date_gmt":"2023-06-14T17:19:40","guid":{"rendered":"http:\/\/www.zonaroja.com.mx\/?p=56448"},"modified":"2023-06-14T12:19:41","modified_gmt":"2023-06-14T17:19:41","slug":"se-agrava-crisis-social-en-el-istmo-tres-dias-de-bloqueo-y-ahora-se-suma-ucizoni","status":"publish","type":"post","link":"https:\/\/zonaroja.com.mx\/?p=56448","title":{"rendered":"Se agrava crisis social en el Istmo: tres d\u00edas de bloqueo y ahora se suma Ucizoni"},"content":{"rendered":"\n<p>Ismael Garc\u00eda M.\/Zona Roja. <\/p>\n\n\n\n<p>Oaxaca de Ju\u00e1rez, Oax., a 14 de junio de 2023.- El bloqueo carretero de habitantes y autoridades de Santa Mar\u00eda y San Miguel Chimalapa inici\u00f3 su tercer d\u00eda. Y la crisis social en la regi\u00f3n se agrav\u00f3 con otra protesta, ahora por parte de la Uni\u00f3n de Comunidades Ind\u00edgenas de la Zona Norte (Ucizoni).<\/p>\n\n\n\n<p>Ejidatarios de San Juan Guichicovi bloquean la v\u00eda Trans\u00edstmica, a la altura del acceso a Mogo\u00f1\u00e9, para exigir la soluci\u00f3n a un a\u00f1ejo conflicto agrario.<\/p>\n\n\n\n<p>Adem\u00e1s, para que las autoridades federales cumplan con los compromisos pendientes, como parte del proyecto del Corredor Interoce\u00e1nico.<\/p>\n\n\n\n<p>En ese marco, una representaci\u00f3n realiza un \u201cplant\u00f3n\u201d ante la residencia de la Procuradur\u00eda Agraria en Matias Romero.&nbsp;<\/p>\n\n\n\n<p>Otro contingente de ejidatarios se desplazara al Tribunal Unitario Agrario ubicado en Tuxtepec, Oaxaca.&nbsp;<\/p>\n\n\n\n<p>\u201cEsta movilizaci\u00f3n responde a la lentitud en la atenci\u00f3n al conflicto agrario, as\u00ed como a la falta de cumplimiento por parte del Corredor Interoce\u00e1nico del Istmo de Tehuantepec, a sus compromisos de atender obras de agua potable, hospital y otras demandas\u201d, detall\u00f3 en un comunicado.<\/p>\n\n\n\n<p>TERCER D\u00cdA&nbsp;<\/p>\n\n\n\n<p>Por su parte, Santa Mar\u00eda y San Miguel Chimalapa cumplen tres d\u00edas de bloqueo carreteros, uno de ellos en el acceso a El Mezquite, y otro en el tramo La Venta-La Ventosa.<\/p>\n\n\n\n<p>Hasta el momento siguen rechazando el di\u00e1logo con el Gobierno del Estado, a trav\u00e9s de la Secretar\u00eda General de Gobierno, y exigen una mesa de trabajo con el gobierno federal.<\/p>\n\n\n\n<p>Insisten en que la administraci\u00f3n que encabeza Salom\u00f3n Jara Cruz s\u00f3lo los ha enga\u00f1ado con la delimitaci\u00f3n de comunidades chiapanecas, tras el fallo de la Suprema Corte de Justicia de la Naci\u00f3n, que hasta ahora no se ha concretado en hechos.&nbsp;<\/p>\n","protected":false},"excerpt":{"rendered":"<p>Ismael Garc\u00eda M.\/Zona Roja. Oaxaca de Ju\u00e1rez, Oax., a 14 de junio de 2023.- El&hellip;<\/p>\n","protected":false},"author":2,"featured_media":56447,"comment_status":"closed","ping_status":"open","sticky":false,"template":"","format":"standard","meta":{"_lmt_disableupdate":"","_lmt_disable":"","_jetpack_memberships_contains_paid_content":false,"footnotes":""},"categories":[109,47],"tags":[],"class_list":["post-56448","post","type-post","status-publish","format-standard","has-post-thumbnail","hentry","category-minuto-a-minuto","category-zona-gris"],"jetpack_featured_media_url":"https:\/\/zonaroja.com.mx\/wp-content\/uploads\/2023\/06\/img_3857.jpg","jetpack_sharing_enabled":true,"_links":{"self":[{"href":"https:\/\/zonaroja.com.mx\/index.php?rest_route=\/wp\/v2\/posts\/56448","targetHints":{"allow":["GET"]}}],"collection":[{"href":"https:\/\/zonaroja.com.mx\/index.php?rest_route=\/wp\/v2\/posts"}],"about":[{"href":"https:\/\/zonaroja.com.mx\/index.php?rest_route=\/wp\/v2\/types\/post"}],"author":[{"embeddable":true,"href":"https:\/\/zonaroja.com.mx\/index.php?rest_route=\/wp\/v2\/users\/2"}],"replies":[{"embeddable":true,"href":"https:\/\/zonaroja.com.mx\/index.php?rest_route=%2Fwp%2Fv2%2Fcomments&post=56448"}],"version-history":[{"count":1,"href":"https:\/\/zonaroja.com.mx\/index.php?rest_route=\/wp\/v2\/posts\/56448\/revisions"}],"predecessor-version":[{"id":56449,"href":"https:\/\/zonaroja.com.mx\/index.php?rest_route=\/wp\/v2\/posts\/56448\/revisions\/56449"}],"wp:featuredmedia":[{"embeddable":true,"href":"https:\/\/zonaroja.com.mx\/index.php?rest_route=\/wp\/v2\/media\/56447"}],"wp:attachment":[{"href":"https:\/\/zonaroja.com.mx\/index.php?rest_route=%2Fwp%2Fv2%2Fmedia&parent=56448"}],"wp:term":[{"taxonomy":"category","embeddable":true,"href":"https:\/\/zonaroja.com.mx\/index.php?rest_route=%2Fwp%2Fv2%2Fcategories&post=56448"},{"taxonomy":"post_tag","embeddable":true,"href":"https:\/\/zonaroja.com.mx\/index.php?rest_route=%2Fwp%2Fv2%2Ftags&post=56448"}],"curies":[{"name":"wp","href":"https:\/\/api.w.org\/{rel}","templated":true}]}}