{"id":56452,"date":"2023-06-14T16:33:58","date_gmt":"2023-06-14T21:33:58","guid":{"rendered":"http:\/\/www.zonaroja.com.mx\/?p=56452"},"modified":"2023-06-14T16:34:23","modified_gmt":"2023-06-14T21:34:23","slug":"pese-a-rechazo-de-vecinos-y-comerciantes-del-centro-historico-neri-instalara-mas-de-300-ambulantes","status":"publish","type":"post","link":"https:\/\/zonaroja.com.mx\/?p=56452","title":{"rendered":"Pese a rechazo de vecinos y comerciantes del Centro Hist\u00f3rico, Neri instalar\u00e1 m\u00e1s de 300 ambulantes"},"content":{"rendered":"\n<p>Yuridiana Sosa\/Zona Roja. <\/p>\n\n\n\n<p>Oaxaca de Ju\u00e1rez, Oax., a 14 de junio de 2023.-Comerciantes establecidos y vecinos del Centro Hist\u00f3rico de Oaxaca se manifestaron en rechazo a la pretensi\u00f3n del gobierno de Francisco Mart\u00ednez Neri de instalar 303 puestos ambulantes en calles que rodean el ex convento de Santo Domingo de Guzm\u00e1n, para las fiestas de la Guelaguetza.<\/p>\n\n\n\n<p>En conferencia de prensa, desde la calle de Gurri\u00f3n, los micro y peque\u00f1os empresarios, as\u00ed como vecinos, se\u00f1alaron que la colocaci\u00f3n de las denominadas expoventas, en las que se aprecia a m\u00e1s ambulantes que artesanos, va contra las propias leyes municipales vigentes, as\u00ed como en detrimento al Patrimonio Cultural.<\/p>\n\n\n\n<p>La aprobaci\u00f3n para los puestos se pretende realizar este jueves en sesi\u00f3n de Cabildo, a propuesta de los regidores Ismael Cruz Gayt\u00e1n y Judith Carre\u00f1o Hern\u00e1ndez, a pesar que los inconformes ya hab\u00edan presentado oficios en los que exponen su rechazo por las afectaciones que eso genera. <\/p>\n\n\n\n<p>La inconformidad, apuntaron, est\u00e1 respaldada por los puntos de acuerdo PM\/1709\/2012 de 6 julio de 2012 y PM\/23\/2022 de&nbsp;14 de febrero, y por el art\u00edculo 12 del Reglamento para el Control de Actividades Comerciales y de Servicios en V\u00eda P\u00fablica y del Plan de Conservaci\u00f3n del Centro Hist\u00f3rico.<\/p>\n\n\n\n<p>\u201cExigimos al Cabildo no aprobar este tipo de actividades que generan da\u00f1os a la infraestructura urbana, exceso de ruido, basura, inseguridad, entre otros da\u00f1os\u201d apuntaron los afectados.<\/p>\n\n\n\n<p>Pese a ello, la propuesta que se presenta al Cabildo es la instalaci\u00f3n de puestos en las calles de Macedonio Alcal\u00e1, desde la Plazuela del Carmen Alto hasta la esquina de Berrioz\u00e1bal; calle de Constituci\u00f3n entre Reforma y 5 de mayo y el jard\u00edn Antonia Labastida, entre otras zonas prohibidas.<\/p>\n\n\n\n<p>El Prior&nbsp;del ex convento de Santo Domingo de Guzm\u00e1n, Alejandro Latap\u00ed, se\u00f1al\u00f3 que s\u00f3lo exigen que se cumpla la ley y acuerdos del mismo cabildo, m\u00e1s no privilegios, pues las autoridades tratan de justificar estas violaciones en el dicho \u201cel sol sale para todos\u201d.<\/p>\n\n\n\n<p>Pero, adem\u00e1s, los vecinos acusaron que estas expoventas representan un negocio irregular del gobierno municipal, quien cobra \u201cbajo el agua\u201d hasta 10 mil pesos por cada puesto instalado.<\/p>\n\n\n\n<p>Esta no es la primera vez que los vecinos del Centro Hist\u00f3rico se quejan por las expo-ventas, pues al menos en \u00faltimas fechas desde octubre de 2022 han expuesto todos los da\u00f1os que cada feria ha generado en detrimento a la infraestructura denominada Patrimonio Cultural, y que tras estos eventos nunca es reparada o rehabilitada.<\/p>\n\n\n\n<figure class=\"wp-block-embed\"><div class=\"wp-block-embed__wrapper\">\n<div class=\"twitter-tweet\"><blockquote class=\"twitter-tweet\" data-lang=\"es\"><p lang=\"es\" dir=\"ltr\"><a href=\"https:\/\/twitter.com\/hashtag\/ENVIVO?src=hash&amp;ref_src=twsrc%5Etfw\">#ENVIVO<\/a><br>Conferencia de prensa de vecinos del Centro Hist\u00f3rico de la ciudad de <a href=\"https:\/\/twitter.com\/hashtag\/Oaxaca?src=hash&amp;ref_src=twsrc%5Etfw\">#Oaxaca<\/a> que rechazan la instalaci\u00f3n de m\u00e1s de 300 puestos ambulantes, que prev\u00e9 autorizar por el ayuntamiento que preside <a href=\"https:\/\/twitter.com\/FMartinezNeri?ref_src=twsrc%5Etfw\">@FMartinezNeri<\/a>.<br>Transmisi\u00f3n \ud83d\udc47<a href=\"https:\/\/t.co\/oOU0cNYb1C\">https:\/\/t.co\/oOU0cNYb1C<\/a> <a href=\"https:\/\/t.co\/jE9x93Bb6x\">pic.twitter.com\/jE9x93Bb6x<\/a><\/p>&mdash; Zona Roja Oaxaca (@ZonaRoja_Oaxaca) <a href=\"https:\/\/twitter.com\/ZonaRoja_Oaxaca\/status\/1669005811635421184?ref_src=twsrc%5Etfw\">14 de junio de 2023<\/a><\/blockquote><\/div>\n<\/div><\/figure>\n","protected":false},"excerpt":{"rendered":"<p>Yuridiana Sosa\/Zona Roja. Oaxaca de Ju\u00e1rez, Oax., a 14 de junio de 2023.-Comerciantes establecidos y&hellip;<\/p>\n","protected":false},"author":2,"featured_media":56451,"comment_status":"closed","ping_status":"open","sticky":false,"template":"","format":"standard","meta":{"_lmt_disableupdate":"","_lmt_disable":"","_jetpack_memberships_contains_paid_content":false,"footnotes":""},"categories":[109,47],"tags":[],"class_list":["post-56452","post","type-post","status-publish","format-standard","has-post-thumbnail","hentry","category-minuto-a-minuto","category-zona-gris"],"jetpack_featured_media_url":"https:\/\/zonaroja.com.mx\/wp-content\/uploads\/2023\/06\/211cdb80-73ee-4364-aa9b-a853b70933fb-1.jpg","jetpack_sharing_enabled":true,"_links":{"self":[{"href":"https:\/\/zonaroja.com.mx\/index.php?rest_route=\/wp\/v2\/posts\/56452","targetHints":{"allow":["GET"]}}],"collection":[{"href":"https:\/\/zonaroja.com.mx\/index.php?rest_route=\/wp\/v2\/posts"}],"about":[{"href":"https:\/\/zonaroja.com.mx\/index.php?rest_route=\/wp\/v2\/types\/post"}],"author":[{"embeddable":true,"href":"https:\/\/zonaroja.com.mx\/index.php?rest_route=\/wp\/v2\/users\/2"}],"replies":[{"embeddable":true,"href":"https:\/\/zonaroja.com.mx\/index.php?rest_route=%2Fwp%2Fv2%2Fcomments&post=56452"}],"version-history":[{"count":1,"href":"https:\/\/zonaroja.com.mx\/index.php?rest_route=\/wp\/v2\/posts\/56452\/revisions"}],"predecessor-version":[{"id":56453,"href":"https:\/\/zonaroja.com.mx\/index.php?rest_route=\/wp\/v2\/posts\/56452\/revisions\/56453"}],"wp:featuredmedia":[{"embeddable":true,"href":"https:\/\/zonaroja.com.mx\/index.php?rest_route=\/wp\/v2\/media\/56451"}],"wp:attachment":[{"href":"https:\/\/zonaroja.com.mx\/index.php?rest_route=%2Fwp%2Fv2%2Fmedia&parent=56452"}],"wp:term":[{"taxonomy":"category","embeddable":true,"href":"https:\/\/zonaroja.com.mx\/index.php?rest_route=%2Fwp%2Fv2%2Fcategories&post=56452"},{"taxonomy":"post_tag","embeddable":true,"href":"https:\/\/zonaroja.com.mx\/index.php?rest_route=%2Fwp%2Fv2%2Ftags&post=56452"}],"curies":[{"name":"wp","href":"https:\/\/api.w.org\/{rel}","templated":true}]}}