{"id":56454,"date":"2023-06-14T19:53:32","date_gmt":"2023-06-15T00:53:32","guid":{"rendered":"http:\/\/www.zonaroja.com.mx\/?p=56454"},"modified":"2023-06-14T19:53:34","modified_gmt":"2023-06-15T00:53:34","slug":"latente-paro-indefinido-y-boicot-a-la-guelaguetza-seccion-22-del-snte","status":"publish","type":"post","link":"https:\/\/zonaroja.com.mx\/?p=56454","title":{"rendered":"Latente, paro indefinido y boicot a la Guelaguetza: Secci\u00f3n 22 del SNTE"},"content":{"rendered":"\n<p>Yuridiana Sosa\/Zona Roja.<\/p>\n\n\n\n<p>Oaxaca de Ju\u00e1rez, Oax., a 14 de junio de 2023.- Las dilatorias respuestas del gobierno estatal y del federal a su pliego de demandas, mantienen vigente la posibilidad de un paro indefinido por parte de la Secci\u00f3n 22 del Sindicato Nacional de Trabajadores de la Educaci\u00f3n (SNTE).<\/p>\n\n\n\n<p>La secretaria General, Yenny Araceli P\u00e9rez Mart\u00ednez, se\u00f1al\u00f3 que durante el fin de semana, en asamblea general, las bases definir\u00e1n la otra etapa de la jornada de lucha, en la que todav\u00eda no se descarta un paro indefinido -a casi un mes del fin del ciclo escolar-&nbsp; e incluso, el boicot a la Guelaguetza oficial 2023.<\/p>\n\n\n\n<p>Ser\u00e1 en ese mismo espacio de an\u00e1lisis por parte del gremio, en el que el magisterio tambi\u00e9n eval\u00fae el progreso que han tenido las mesas de negociaci\u00f3n con los gobiernos federal y estatal, con las que se han establecido encuentros para las demandas administrativas, de justicia y seguridad social, indic\u00f3 P\u00e9rez Mart\u00ednez.<\/p>\n\n\n\n<p>La dirigente agreg\u00f3 que desde la Comisi\u00f3n Pol\u00edtica han notado dilaci\u00f3n en las respuestas, aunque han logrado algunos resultados, pero para esta nueva etapa del movimiento magisterial es fundamental que las bases califiquen el progreso del proceso de negociaci\u00f3n.<\/p>\n\n\n\n<p>Respecto a la cr\u00edtica del gobernador Salom\u00f3n Jara a las estrategias que ha implementado la Secci\u00f3n 22 del SNTE para presionar a ambos niveles de gobierno, pero sobre todo por aquellas acciones dirigidas al presidente Andr\u00e9s Manuel L\u00f3pez Obrador, la lideresa destac\u00f3 que la lucha del magisterio, de sus derechos, se mantiene \u201cgobierne quien gobierne\u201d.<\/p>\n\n\n\n<p>En tanto, record\u00f3 que varias de las respuestas pendientes a su pliego de demandas corresponde resolverlas al gobierno estatal de Salom\u00f3n Jara, entre ellas la abrogaci\u00f3n del decreto de 2015 y el reconocimiento del Plan para la Transformaci\u00f3n de la Educaci\u00f3n de Oaxaca.<\/p>\n\n\n\n<figure class=\"wp-block-embed is-type-rich is-provider-twitter wp-block-embed-twitter\"><div class=\"wp-block-embed__wrapper\">\n<div class=\"twitter-tweet\"><blockquote class=\"twitter-tweet\" data-lang=\"es\"><p lang=\"es\" dir=\"ltr\">En \u201calerta m\u00e1xima\u201d contin\u00faa la Secci\u00f3n 22 del SNTE, recalc\u00f3 la secretaria General del Comit\u00e9 Ejecutivo Seccional, Yenny Aracely P\u00e9rez, al reiterar que ser\u00e1 la Asamblea Estatal y la consulta a las bases la que determine si habr\u00e1 o no paro indefinido de labores; evadi\u00f3 calificar\u2026 <a href=\"https:\/\/t.co\/coMiv5W2kx\">pic.twitter.com\/coMiv5W2kx<\/a><\/p>&mdash; Zona Roja Oaxaca (@ZonaRoja_Oaxaca) <a href=\"https:\/\/twitter.com\/ZonaRoja_Oaxaca\/status\/1669112050885308418?ref_src=twsrc%5Etfw\">14 de junio de 2023<\/a><\/blockquote><\/div>\n<\/div><\/figure>\n\n\n\n<p>MARCHA POR JUSTICIA<\/p>\n\n\n\n<p>La Secci\u00f3n 22 del SNTE y organizaciones sociales conmemoraron los 17 a\u00f1os del desalojo fallido del 14 de junio de 2006 por parte del gobierno de Ulises Ruiz Ortiz.<\/p>\n\n\n\n<p>Las acciones de protesta por la impunidad y exigencia de justicia comenzaron desde las 06:00 horas, con una marcha significativa en el Centro Hist\u00f3rico, la cual inici\u00f3 con el lanzamiento de cohetes.<\/p>\n\n\n\n<p>M\u00e1s tarde, alrededor de las 10:00 horas, la Secci\u00f3n 22 encabez\u00f3 una megamarcha del crucero a Trinidad de Viguera, en la zona poniente de la capital, al z\u00f3calo de la ciudad, donde realizaron un mitin.<\/p>\n\n\n\n<p>La dirigente sindical, Yenny Araceli P\u00e9rez Mart\u00ednez, reafirm\u00f3 que la lucha por los ca\u00eddos del 2006 se mantiene ante la existencia de impunidad a 17 a\u00f1os de los hechos.<\/p>\n\n\n\n<p>En tanto, que durante el primer mitin de la ma\u00f1ana de este mi\u00e9rcoles, las organizaciones tambi\u00e9n reprochan que el gobierno actual de la supuesta \u201ctransformaci\u00f3n\u201d mantiene los mismos actos de represi\u00f3n.<\/p>\n\n\n\n<p>\u201cDe cu\u00e1l cambio nos hablan, \u00bfya hay justicia?\u201d. \u201cNo vamos a permitir que nos digan c\u00f3mo reaccionar, como organizarnos y defender nuestros derechos\u201d, manifestaron contra el gobierno estatal de Salom\u00f3n Jara.<\/p>\n\n\n\n<figure class=\"wp-block-embed is-type-rich is-provider-twitter wp-block-embed-twitter\"><div class=\"wp-block-embed__wrapper\">\n<div class=\"twitter-tweet\"><blockquote class=\"twitter-tweet\" data-lang=\"es\"><p lang=\"es\" dir=\"ltr\"><a href=\"https:\/\/twitter.com\/hashtag\/%C3%9AltimoMinuto?src=hash&amp;ref_src=twsrc%5Etfw\">#\u00daltimoMinuto<\/a><br>\u00a1Ya vamos, llegando, y Salom\u00f3n est\u00e1 temblando! \u00a1Ya vamos, llegando, y Salom\u00f3n est\u00e1 temblando! <br>El grito del magisterio al llegar la megamarcha al z\u00f3calo de la ciudad de <a href=\"https:\/\/twitter.com\/hashtag\/Oaxaca?src=hash&amp;ref_src=twsrc%5Etfw\">#Oaxaca<\/a>. <a href=\"https:\/\/t.co\/girAWCJpFZ\">pic.twitter.com\/girAWCJpFZ<\/a><\/p>&mdash; Zona Roja Oaxaca (@ZonaRoja_Oaxaca) <a href=\"https:\/\/twitter.com\/ZonaRoja_Oaxaca\/status\/1669041512682774529?ref_src=twsrc%5Etfw\">14 de junio de 2023<\/a><\/blockquote><\/div>\n<\/div><\/figure>\n","protected":false},"excerpt":{"rendered":"<p>Yuridiana Sosa\/Zona Roja. Oaxaca de Ju\u00e1rez, Oax., a 14 de junio de 2023.- Las dilatorias&hellip;<\/p>\n","protected":false},"author":2,"featured_media":56455,"comment_status":"closed","ping_status":"open","sticky":false,"template":"","format":"standard","meta":{"_lmt_disableupdate":"","_lmt_disable":"","_jetpack_memberships_contains_paid_content":false,"footnotes":""},"categories":[109,47],"tags":[312],"class_list":["post-56454","post","type-post","status-publish","format-standard","has-post-thumbnail","hentry","category-minuto-a-minuto","category-zona-gris","tag-seccion-22-del-snte"],"jetpack_featured_media_url":"https:\/\/zonaroja.com.mx\/wp-content\/uploads\/2023\/06\/Marcha-Seccion-22-del-SNTE.jpg","jetpack_sharing_enabled":true,"_links":{"self":[{"href":"https:\/\/zonaroja.com.mx\/index.php?rest_route=\/wp\/v2\/posts\/56454","targetHints":{"allow":["GET"]}}],"collection":[{"href":"https:\/\/zonaroja.com.mx\/index.php?rest_route=\/wp\/v2\/posts"}],"about":[{"href":"https:\/\/zonaroja.com.mx\/index.php?rest_route=\/wp\/v2\/types\/post"}],"author":[{"embeddable":true,"href":"https:\/\/zonaroja.com.mx\/index.php?rest_route=\/wp\/v2\/users\/2"}],"replies":[{"embeddable":true,"href":"https:\/\/zonaroja.com.mx\/index.php?rest_route=%2Fwp%2Fv2%2Fcomments&post=56454"}],"version-history":[{"count":1,"href":"https:\/\/zonaroja.com.mx\/index.php?rest_route=\/wp\/v2\/posts\/56454\/revisions"}],"predecessor-version":[{"id":56456,"href":"https:\/\/zonaroja.com.mx\/index.php?rest_route=\/wp\/v2\/posts\/56454\/revisions\/56456"}],"wp:featuredmedia":[{"embeddable":true,"href":"https:\/\/zonaroja.com.mx\/index.php?rest_route=\/wp\/v2\/media\/56455"}],"wp:attachment":[{"href":"https:\/\/zonaroja.com.mx\/index.php?rest_route=%2Fwp%2Fv2%2Fmedia&parent=56454"}],"wp:term":[{"taxonomy":"category","embeddable":true,"href":"https:\/\/zonaroja.com.mx\/index.php?rest_route=%2Fwp%2Fv2%2Fcategories&post=56454"},{"taxonomy":"post_tag","embeddable":true,"href":"https:\/\/zonaroja.com.mx\/index.php?rest_route=%2Fwp%2Fv2%2Ftags&post=56454"}],"curies":[{"name":"wp","href":"https:\/\/api.w.org\/{rel}","templated":true}]}}