{"id":56461,"date":"2023-06-14T22:22:07","date_gmt":"2023-06-15T03:22:07","guid":{"rendered":"http:\/\/www.zonaroja.com.mx\/?p=56461"},"modified":"2023-06-14T22:22:10","modified_gmt":"2023-06-15T03:22:10","slug":"vive-oaxaca-otro-dia-de-vial-por-multiples-protestas-y-bloqueos","status":"publish","type":"post","link":"https:\/\/zonaroja.com.mx\/?p=56461","title":{"rendered":"Vive Oaxaca otro d\u00eda de vial por m\u00faltiples protestas y bloqueos"},"content":{"rendered":"\n<p>Yuridiana Sosa\/Zona Roja.<\/p>\n\n\n\n<p>Oaxaca de Ju\u00e1rez, Oax., a 14 de junio de 2023.- Por tercer d\u00eda consecutivo, las protestas y bloqueos incrementan en varias partes de la entidad, por el incumpliendo y desatenci\u00f3n del gobierno de Salom\u00f3n Jara Cruz.<\/p>\n\n\n\n<p>Este mi\u00e9rcoles se unieron al contexto de las inconformidades los integrantes del Sindicato de Trabajadores y Empleados de la Universidad Aut\u00f3noma \u201cBenito Ju\u00e1rez\u201d de Oaxaca (STEUABJO), con un bloque en avenida Universidad y crucero de Cinco Se\u00f1ores.<\/p>\n\n\n\n<p>Los sindicalizados reclaman el monto correspondiente del gobierno estatal para el pago del programa de Calidad y Eficiencia, el cual se acord\u00f3 cumplir el primer cuatrimestre este 15 de junio, pero la autoridad no cumpli\u00f3 y ahora pide un plazo para agosto.<\/p>\n\n\n\n<p>El secretario general, Hip\u00f3lito Soriano Ortiz, se\u00f1al\u00f3 que las bases decidieron protestar, pues el pago se fij\u00f3 desde enero como parte de las negociaciones al pliego de peticiones para no estallar la huelga en febrero.<\/p>\n\n\n\n<p>Son cerca de 900 sindicalizados afectados, a quienes se destinar\u00e1n para este primer pago 4.2 millones de pesos, adem\u00e1s del monto correspondiente al aumento al salario.<\/p>\n\n\n\n<p>CA\u00d3TICO ISTMO<\/p>\n\n\n\n<p>En esta semana las complicaciones de movilidad en el Istmo se incrementaron con la instalaci\u00f3n de un bloqueo carretero en la 185 Trans\u00edstmica, en el entronque a Estaci\u00f3n Mogo\u00f1e.<\/p>\n\n\n\n<p>La organizaci\u00f3n Uni\u00f3n de Comunidades Ind\u00edgenas de la Zona Norte (Ucizoni) se unieron a la jornada de movilizaci\u00f3n acordada por la asamblea del ejido de San Juan Guichicovi, quienes adem\u00e1s se instalaron en \u201cplant\u00f3n\u201d en la Procuradur\u00eda Agraria en Mat\u00edas Romero.<\/p>\n\n\n\n<p>En tanto que otro contingente de ejidatarios se desplaz\u00f3 al Tribunal Unitario Agrario ubicado en Tuxtepec para exigir soluci\u00f3n a un conflicto agrario, as\u00ed como reclamar el incumplimiento a compromisos sobre las obras a favor de la poblaci\u00f3n que son parte del Corredor Interoce\u00e1nico del Istmo de Tehuantepec.<\/p>\n\n\n\n<p>Tambi\u00e9n se report\u00f3 un bloqueo en el Puente de Fierro de Tehuantepec, sobre la carretera 185 Trans\u00edstmica.<\/p>\n\n\n\n<p>TRES D\u00cdAS DE AFECTACI\u00d3N<\/p>\n\n\n\n<p>La protesta-bloqueo parte de Santa Mar\u00eda y San Miguel Chimalapa cumpli\u00f3 este mi\u00e9rcoles tres d\u00edas; uno de los puntos afectados es el acceso a El Mezquite de la carretera 185 Trans\u00edstmica tramo la Ventosa &#8211;&nbsp; Mat\u00edas Romero, y otro en el tramo La Venta-La Ventosa.<\/p>\n\n\n\n<p>Ciudadanos afectados reportaron que en la manifestaci\u00f3n de El Mezquite se encuentran personas armadas, presuntamente comuneros zoques.<\/p>\n\n\n\n<p>Los habitantes de las poblaciones cercanas a Asunci\u00f3n Ixtaltepec solicitaron la intervenci\u00f3n de las autoridades para que se libere el paso debido a la escasez de v\u00edveres en las poblaciones sitiadas.<\/p>\n\n\n\n<p>A trav\u00e9s de un comunicado, la Secretar\u00eda de Gobierno de Oaxaca inform\u00f3 que el bloqueo es innecesario y que la presencia de las autoridades es \u201cbajo un criterio de responsabilidad de habitantes y autoridades municipales de que no los retengan ni violenten sus derechos humanos\u201d.<\/p>\n\n\n\n<p>&nbsp;\u201cPiden la presencia de funcionarios federales de la Secretar\u00eda de Gobernaci\u00f3n, por lo que este d\u00eda se les hizo llegar un documento enviado por la dependencia federal, el cual est\u00e1 suscrito por el representante de la instituci\u00f3n en el estado y por el Coordinador de Operaci\u00f3n y Seguimiento Interinstitucional de la Subsecretar\u00eda de Desarrollo Democr\u00e1tico y Participaci\u00f3n Social de esa secretar\u00eda, as\u00ed como por la Procuradur\u00eda Agraria, para instalar las mesas de seguimiento\u201d, inform\u00f3 el gobierno.<\/p>\n\n\n\n<p>Agreg\u00f3 que se emiti\u00f3 un documento donde se establecen tambi\u00e9n las fechas para la instalaci\u00f3n de las mesas de trabajo de la Comisi\u00f3n Interinstitucional, que no la preside el Gobierno Federal sino el Gobierno del Estado de Oaxaca.<\/p>\n\n\n\n<p>Adem\u00e1s, record\u00f3 que el Gobierno de Oaxaca ya resolvi\u00f3 la parte de su competencia como es el Decreto emitido por el Poder Legislativo y la instalaci\u00f3n de la Comisi\u00f3n Interinstitucional, sin embargo, el tema agrario corresponde al \u00e1mbito federal.<\/p>\n","protected":false},"excerpt":{"rendered":"<p>Yuridiana Sosa\/Zona Roja. Oaxaca de Ju\u00e1rez, Oax., a 14 de junio de 2023.- Por tercer&hellip;<\/p>\n","protected":false},"author":2,"featured_media":56462,"comment_status":"closed","ping_status":"open","sticky":false,"template":"","format":"standard","meta":{"_lmt_disableupdate":"","_lmt_disable":"","_jetpack_memberships_contains_paid_content":false,"footnotes":""},"categories":[109,47],"tags":[2264],"class_list":["post-56461","post","type-post","status-publish","format-standard","has-post-thumbnail","hentry","category-minuto-a-minuto","category-zona-gris","tag-bloqueos-y-protestas-oaxaca"],"jetpack_featured_media_url":"https:\/\/zonaroja.com.mx\/wp-content\/uploads\/2023\/06\/Bloqueo-Istmo.jpeg","jetpack_sharing_enabled":true,"_links":{"self":[{"href":"https:\/\/zonaroja.com.mx\/index.php?rest_route=\/wp\/v2\/posts\/56461","targetHints":{"allow":["GET"]}}],"collection":[{"href":"https:\/\/zonaroja.com.mx\/index.php?rest_route=\/wp\/v2\/posts"}],"about":[{"href":"https:\/\/zonaroja.com.mx\/index.php?rest_route=\/wp\/v2\/types\/post"}],"author":[{"embeddable":true,"href":"https:\/\/zonaroja.com.mx\/index.php?rest_route=\/wp\/v2\/users\/2"}],"replies":[{"embeddable":true,"href":"https:\/\/zonaroja.com.mx\/index.php?rest_route=%2Fwp%2Fv2%2Fcomments&post=56461"}],"version-history":[{"count":1,"href":"https:\/\/zonaroja.com.mx\/index.php?rest_route=\/wp\/v2\/posts\/56461\/revisions"}],"predecessor-version":[{"id":56463,"href":"https:\/\/zonaroja.com.mx\/index.php?rest_route=\/wp\/v2\/posts\/56461\/revisions\/56463"}],"wp:featuredmedia":[{"embeddable":true,"href":"https:\/\/zonaroja.com.mx\/index.php?rest_route=\/wp\/v2\/media\/56462"}],"wp:attachment":[{"href":"https:\/\/zonaroja.com.mx\/index.php?rest_route=%2Fwp%2Fv2%2Fmedia&parent=56461"}],"wp:term":[{"taxonomy":"category","embeddable":true,"href":"https:\/\/zonaroja.com.mx\/index.php?rest_route=%2Fwp%2Fv2%2Fcategories&post=56461"},{"taxonomy":"post_tag","embeddable":true,"href":"https:\/\/zonaroja.com.mx\/index.php?rest_route=%2Fwp%2Fv2%2Ftags&post=56461"}],"curies":[{"name":"wp","href":"https:\/\/api.w.org\/{rel}","templated":true}]}}