{"id":56468,"date":"2023-06-15T10:29:00","date_gmt":"2023-06-15T15:29:00","guid":{"rendered":"http:\/\/www.zonaroja.com.mx\/?p=56468"},"modified":"2023-06-15T08:30:41","modified_gmt":"2023-06-15T13:30:41","slug":"y-que-irrito-a-claudia-sheinbaum-para-que-increpara-a-alfonso-durazo","status":"publish","type":"post","link":"https:\/\/zonaroja.com.mx\/?p=56468","title":{"rendered":"\u00bfY qu\u00e9 irrit\u00f3 a Claudia Sheinbaum para que increpara a Alfonso Durazo?"},"content":{"rendered":"\n<p>Redacci\u00f3n\/Zona Roja Cdmx.<\/p>\n\n\n\n<p>Ciudad de M\u00e9xico, a 15 de junio de 2023.- Los miembros de Morena no logran ponerse de acuerdo, lo que ha provocado choques entre ellos. El m\u00e1s reciente ocurri\u00f3 durante el Consejo Nacional de Morena que se llev\u00f3 a cabo el pasado domingo 11 de junio.<\/p>\n\n\n\n<p>Durante el evento, en el que se establecieron las reglas para elegir a la \u2018corcholata\u2019 de Morena a las elecciones 2024, trascendi\u00f3 un video en el que se observa a la precandidata, Claudia Sheinbaum y al presidente del Consejo, Alfonso Durazo discutir.<\/p>\n\n\n\n<p>El encontronazo fue motivo de rumores por parte de los internautas, quienes aseguraban que Durazo hab\u00eda dado su \u2018espaldarazo\u2019 a otro aspirante a la presidencia: Marcelo Ebrard.<\/p>\n\n\n\n<p>Cuatro d\u00edas despu\u00e9s, Fern\u00e1ndez Noro\u00f1a, que tambi\u00e9n compite por la candidatura a presidente, explic\u00f3 qu\u00e9 sucedi\u00f3.&nbsp;<\/p>\n\n\n\n<p>De acuerdo con el diputado, Claudia reclam\u00f3 a Durazo que las \u201ccorcholatas\u201d, refiri\u00e9ndose a Ebrard y Ricardo Monreal, no hab\u00edan cumplido con el acuerdo de llegar solos al evento.<\/p>\n\n\n\n<p>\u2018Llevaron gente (Monreal y Ebrard), como quien dice llevaron porra literal y hostilizaron a Claudia, le gritaron \u2018piso parejo\u2019 [&#8230;] Claudia le reclama eso a Alfonso Durazo, que la hayan increpado\u2019, se\u00f1al\u00f3 a trav\u00e9s de un en vivo en redes sociales.<\/p>\n\n\n\n<p>Tras viralizarse el video del \u2018encontronazo\u2019 entre Shienbaum y Durazo, usuarios en redes incluso miembros del partido guinda especularon sobre qu\u00e9 discut\u00edan.<\/p>\n\n\n\n<p>Noro\u00f1a asegur\u00f3 que uno de sus compa\u00f1eros de Morena dijo que Sheinbaum se molest\u00f3 porque la sentaron al lado del diputado del PT.<\/p>\n\n\n\n<p>Seg\u00fan relata el legislador, cuando la jefa de Gobierno lleg\u00f3 al evento, no se percat\u00f3 que los asientos estaban asignados y se sent\u00f3 al lado de Noro\u00f1a, quien asegura se llevan de maravilla.<\/p>\n\n\n\n<p>(Informaci\u00f3n de \u201cEl Financiero\u201d)<\/p>\n\n\n\n<figure class=\"wp-block-embed is-type-rich is-provider-twitter wp-block-embed-twitter\"><div class=\"wp-block-embed__wrapper\">\n<div class=\"twitter-tweet\"><blockquote class=\"twitter-tweet\" data-lang=\"es\"><p lang=\"es\" dir=\"ltr\">\u00bfQu\u00e9 le reclam\u00f3 <a href=\"https:\/\/twitter.com\/Claudiashein?ref_src=twsrc%5Etfw\">@Claudiashein<\/a> al presidente del Consejo Nacional de Morena, Alfonso Durazo?<br>Fue el pasado domingo, en la sesi\u00f3n de dicho \u00f3rgano; lo atestigu\u00f3 el gobernador <a href=\"https:\/\/twitter.com\/salomonj?ref_src=twsrc%5Etfw\">@salomonj<\/a>.<br><br>Un video es con letras interpuestas y el otro un \u201cmeme\u201d con la voz de <a href=\"https:\/\/twitter.com\/hashtag\/LadyTepito?src=hash&amp;ref_src=twsrc%5Etfw\">#LadyTepito<\/a>. <a href=\"https:\/\/t.co\/kxVSg5v4pe\">pic.twitter.com\/kxVSg5v4pe<\/a><\/p>&mdash; Zona Roja Oaxaca (@ZonaRoja_Oaxaca) <a href=\"https:\/\/twitter.com\/ZonaRoja_Oaxaca\/status\/1669136234889768962?ref_src=twsrc%5Etfw\">15 de junio de 2023<\/a><\/blockquote><\/div>\n<\/div><\/figure>\n","protected":false},"excerpt":{"rendered":"<p>Redacci\u00f3n\/Zona Roja Cdmx. Ciudad de M\u00e9xico, a 15 de junio de 2023.- Los miembros de&hellip;<\/p>\n","protected":false},"author":2,"featured_media":56469,"comment_status":"closed","ping_status":"open","sticky":false,"template":"","format":"standard","meta":{"_lmt_disableupdate":"","_lmt_disable":"","_jetpack_memberships_contains_paid_content":false,"footnotes":""},"categories":[109,47],"tags":[3370],"class_list":["post-56468","post","type-post","status-publish","format-standard","has-post-thumbnail","hentry","category-minuto-a-minuto","category-zona-gris","tag-claudia-sheinbaum"],"jetpack_featured_media_url":"https:\/\/zonaroja.com.mx\/wp-content\/uploads\/2023\/06\/Reclamo-de-Sheinbaum-a-Alfonso-Durazo.jpg","jetpack_sharing_enabled":true,"_links":{"self":[{"href":"https:\/\/zonaroja.com.mx\/index.php?rest_route=\/wp\/v2\/posts\/56468","targetHints":{"allow":["GET"]}}],"collection":[{"href":"https:\/\/zonaroja.com.mx\/index.php?rest_route=\/wp\/v2\/posts"}],"about":[{"href":"https:\/\/zonaroja.com.mx\/index.php?rest_route=\/wp\/v2\/types\/post"}],"author":[{"embeddable":true,"href":"https:\/\/zonaroja.com.mx\/index.php?rest_route=\/wp\/v2\/users\/2"}],"replies":[{"embeddable":true,"href":"https:\/\/zonaroja.com.mx\/index.php?rest_route=%2Fwp%2Fv2%2Fcomments&post=56468"}],"version-history":[{"count":1,"href":"https:\/\/zonaroja.com.mx\/index.php?rest_route=\/wp\/v2\/posts\/56468\/revisions"}],"predecessor-version":[{"id":56470,"href":"https:\/\/zonaroja.com.mx\/index.php?rest_route=\/wp\/v2\/posts\/56468\/revisions\/56470"}],"wp:featuredmedia":[{"embeddable":true,"href":"https:\/\/zonaroja.com.mx\/index.php?rest_route=\/wp\/v2\/media\/56469"}],"wp:attachment":[{"href":"https:\/\/zonaroja.com.mx\/index.php?rest_route=%2Fwp%2Fv2%2Fmedia&parent=56468"}],"wp:term":[{"taxonomy":"category","embeddable":true,"href":"https:\/\/zonaroja.com.mx\/index.php?rest_route=%2Fwp%2Fv2%2Fcategories&post=56468"},{"taxonomy":"post_tag","embeddable":true,"href":"https:\/\/zonaroja.com.mx\/index.php?rest_route=%2Fwp%2Fv2%2Ftags&post=56468"}],"curies":[{"name":"wp","href":"https:\/\/api.w.org\/{rel}","templated":true}]}}