{"id":56489,"date":"2023-06-15T20:07:15","date_gmt":"2023-06-16T01:07:15","guid":{"rendered":"http:\/\/www.zonaroja.com.mx\/?p=56489"},"modified":"2023-06-15T20:12:40","modified_gmt":"2023-06-16T01:12:40","slug":"chicas-levantan-bloqueos-en-el-istmo-solo-dialogaran-con-segob-hasta-el-20-de-junio","status":"publish","type":"post","link":"https:\/\/zonaroja.com.mx\/?p=56489","title":{"rendered":"Chimas levantan bloqueos en el Istmo; s\u00f3lo dialogar\u00e1n con Segob\u2026 hasta el 20 de junio"},"content":{"rendered":"\n<p>Redacci\u00f3n\/Zona Roja.<\/p>\n\n\n\n<p>Oaxaca de Ju\u00e1rez, Oax., a 15 de junio de 2023.- Luego de tres d\u00edas y medio de bloqueo a dos tramos carreteros en la regi\u00f3n del Istmo, autoridades y habitantes de San Miguel y de Santa Maria Chimalapa levantaron sus protestas.<\/p>\n\n\n\n<p>Lo anterior, al aceptar una reuni\u00f3n con la Secretar\u00eda de Gobernaci\u00f3n (Segob) que ser\u00e1 hasta el 20 de junio, y reiterar su rechazo al di\u00e1logo con la Secretar\u00eda de Gobierno que encabeza Jes\u00fas Romero L\u00f3pez.<\/p>\n\n\n\n<p>En un comunicado, el gobierno de Oaxaca inform\u00f3 que los inconformes aceptaron participar en una mesa de di\u00e1logo en la ciudad de Oaxaca de Ju\u00e1rez. Ser\u00e1 con el subsecretario de Desarrollo Democr\u00e1tico, Participaci\u00f3n Social y Asuntos Religiosos de la Segob, C\u00e9sar Y\u00e1\u00f1ez Centeno, quien reciba el pr\u00f3ximo martes 20 de junio a una comisi\u00f3n de pobladores y autoridades municipales y agrarias.<\/p>\n\n\n\n<p>No obstante que el pasado lunes el gobernador Salom\u00f3n Jara declar\u00f3 que la autoridad estatal no ir\u00eda m\u00e1s a la zona de los Chimalapas, porque luego los retienen, el gobierno dijo hoy que una comisi\u00f3n de funcionarios federales y estatales visitar\u00e1n la zona donde se retomar\u00e1 la Mesa Interinstitucional.<\/p>\n\n\n\n<p>Una reuni\u00f3n se realizar\u00e1n el 20 de junio para atender los temas agrario y ambiental; la segunda mesa que abordar\u00e1 el tema social se efectuar\u00e1 el 23 de junio y la tercera, el 27 de junio, con temas de gobernabilidad y seguridad p\u00fablica.<\/p>\n\n\n\n<p>\u201cLas y los funcionarios de los gobiernos federal y estatal acudir\u00e1n a Santa Mar\u00eda Chimalapa bajo un criterio de responsabilidad de habitantes y autoridades de este municipio y de San Miguel Chimalapa, para no retener a las personas servidoras p\u00fablicas, ni violentar los derechos humanos de quienes encabecen las mesas\u201d, expuso en su comunicado.<\/p>\n\n\n\n<p><p>Los inconformes bloquearon desde el lunes por la ma\u00f1ana un tramo de la carretera Trans\u00edstmica, a la altura de la localidad El Mezquite de Asunci\u00f3n Ixtaltepec; otro en el tramo La Venta-La Ventosa de Juchit\u00e1n.<\/p><p>Lo anterior con la finalidad de exigir a las autoridades se concrete ya la delimitaci\u00f3n territorial con Chiapas, tras la resoluci\u00f3n determinada por la Suprema Corte de Justicia de la Naci\u00f3n.<\/p><\/p>\n","protected":false},"excerpt":{"rendered":"<p>Redacci\u00f3n\/Zona Roja. Oaxaca de Ju\u00e1rez, Oax., a 15 de junio de 2023.- Luego de tres&hellip;<\/p>\n","protected":false},"author":2,"featured_media":56476,"comment_status":"closed","ping_status":"open","sticky":false,"template":"","format":"standard","meta":{"_lmt_disableupdate":"","_lmt_disable":"","_jetpack_memberships_contains_paid_content":false,"footnotes":""},"categories":[109,47],"tags":[],"class_list":["post-56489","post","type-post","status-publish","format-standard","has-post-thumbnail","hentry","category-minuto-a-minuto","category-zona-gris"],"jetpack_featured_media_url":"https:\/\/zonaroja.com.mx\/wp-content\/uploads\/2023\/06\/Bloqueo-Chimalapas-Istmo.jpg","jetpack_sharing_enabled":true,"_links":{"self":[{"href":"https:\/\/zonaroja.com.mx\/index.php?rest_route=\/wp\/v2\/posts\/56489","targetHints":{"allow":["GET"]}}],"collection":[{"href":"https:\/\/zonaroja.com.mx\/index.php?rest_route=\/wp\/v2\/posts"}],"about":[{"href":"https:\/\/zonaroja.com.mx\/index.php?rest_route=\/wp\/v2\/types\/post"}],"author":[{"embeddable":true,"href":"https:\/\/zonaroja.com.mx\/index.php?rest_route=\/wp\/v2\/users\/2"}],"replies":[{"embeddable":true,"href":"https:\/\/zonaroja.com.mx\/index.php?rest_route=%2Fwp%2Fv2%2Fcomments&post=56489"}],"version-history":[{"count":3,"href":"https:\/\/zonaroja.com.mx\/index.php?rest_route=\/wp\/v2\/posts\/56489\/revisions"}],"predecessor-version":[{"id":56492,"href":"https:\/\/zonaroja.com.mx\/index.php?rest_route=\/wp\/v2\/posts\/56489\/revisions\/56492"}],"wp:featuredmedia":[{"embeddable":true,"href":"https:\/\/zonaroja.com.mx\/index.php?rest_route=\/wp\/v2\/media\/56476"}],"wp:attachment":[{"href":"https:\/\/zonaroja.com.mx\/index.php?rest_route=%2Fwp%2Fv2%2Fmedia&parent=56489"}],"wp:term":[{"taxonomy":"category","embeddable":true,"href":"https:\/\/zonaroja.com.mx\/index.php?rest_route=%2Fwp%2Fv2%2Fcategories&post=56489"},{"taxonomy":"post_tag","embeddable":true,"href":"https:\/\/zonaroja.com.mx\/index.php?rest_route=%2Fwp%2Fv2%2Ftags&post=56489"}],"curies":[{"name":"wp","href":"https:\/\/api.w.org\/{rel}","templated":true}]}}