{"id":56496,"date":"2023-06-15T22:02:33","date_gmt":"2023-06-16T03:02:33","guid":{"rendered":"http:\/\/www.zonaroja.com.mx\/?p=56496"},"modified":"2023-06-15T22:06:53","modified_gmt":"2023-06-16T03:06:53","slug":"pese-a-protestas-de-vecinos-cabildo-aprueba-303-ambulantes-para-guelaguetza","status":"publish","type":"post","link":"https:\/\/zonaroja.com.mx\/?p=56496","title":{"rendered":"Pese a protestas de vecinos, Cabildo aprueba 303 ambulantes para Guelaguetza"},"content":{"rendered":"\n<p>Yuridiana Sosa\/Zona Roja.<\/p>\n\n\n\n<p>Oaxaca de Ju\u00e1rez, Oax., a 15 de junio de 2023.- Entre la protesta de dos grupos de comerciantes y de vecinos, el Cabildo de Oaxaca de Ju\u00e1rez aprob\u00f3 la instalaci\u00f3n de 303 puestos informales en el Centro Hist\u00f3rico, durante la celebraci\u00f3n de la Guelaguetza.<\/p>\n\n\n\n<p>Previo a la sesi\u00f3n, un grupo mayoritario conformado por vendedores que se identific\u00f3 como artesanos, se manifest\u00f3 en palacio municipal para exigir la autorizaci\u00f3n de los puestos; minutos antes se pronunciaron a favor del permiso y marcharon de la Alameda de Le\u00f3n a la sede del ayuntamiento.<\/p>\n\n\n\n<p>Mientras que un grupo de comerciantes establecidos y vecinos del<\/p>\n\n\n\n<p>Centro Hist\u00f3rico que se oponen a las expoventas manifest\u00f3 que varios de los vendedores que se pretenden instalar son ambulantes, pues identificaron a l\u00edderes de las organizaciones que dirigen a ese gremio en la capital.<\/p>\n\n\n\n<p>En tanto la sesi\u00f3n se desarrollaba, afuera de la sala permanecieron los interesados y los opositores.<\/p>\n\n\n\n<p>DEFIENDEN EXPOVENTA<\/p>\n\n\n\n<p>Justificados en que los vendedores respetar\u00e1n los lineamientos del dictamen, que precisa reglas para el cuidado del patrimonio arquitect\u00f3nico de Oaxaca, el Cabildo aval\u00f3 la instalaci\u00f3n de m\u00e1s de 300 puestos en v\u00eda p\u00fablica del 14 al 31 de julio.<\/p>\n\n\n\n<p>La aprobaci\u00f3n fue con 10 votos de \u00fanicamente regidores morenistas, y la ausencia de los concejales de oposici\u00f3n.<\/p>\n\n\n\n<p>El presidente municipal, Francisco Mart\u00ednez Neri, se\u00f1al\u00f3 que la autoridad debe ser vigilante para que se cumplan con los lineamientos, entre ellos, que sean \u00fanicamente artesanos, que no da\u00f1en el patrimonio cultural y se mantenga el orden para una buena convivencia.<\/p>\n\n\n\n<p>En tanto que los regidores morenista se fueron contra los comerciantes establecidos, vecinos y la representaci\u00f3n del templo de Santo Domingo de Guzm\u00e1n, que un d\u00eda antes exigieron a la autoridad municipal no aprobar m\u00e1s de expoventas en el Centro Hist\u00f3rico ante los graves da\u00f1os que se ocasionan al patrimonio cultural y la competencia desleal que se genera.<\/p>\n\n\n\n<p>Los concejales manifestaron su apoyo para quienes, apuntaron, no cuentan con posibilidades para pagar la renta de un local en el centro de la ciudad y ven en las expoventas temporales una oportunidad de ingresos.<\/p>\n\n\n\n<p>Incluso, algunos se\u00f1alaron que entre los integrantes de la numerosa protestas identificaron a algunos artesanos de otras comunidades de la entidad, quienes para estar en la feria por la Guelaguetza, pagar\u00e1n sus debidos impuestos y derechos.<\/p>\n\n\n\n<p>Hasta destacaron que el Centro Hist\u00f3rico no puede ser gobernado solo por un grupo, pues es patrimonio de todos los oaxaque\u00f1os, en alusi\u00f3n a los vecinos que este mi\u00e9rcoles se manifestaron en rechazo a la expoventa.<\/p>\n","protected":false},"excerpt":{"rendered":"<p>Yuridiana Sosa\/Zona Roja. Oaxaca de Ju\u00e1rez, Oax., a 15 de junio de 2023.- Entre la&hellip;<\/p>\n","protected":false},"author":2,"featured_media":56499,"comment_status":"closed","ping_status":"open","sticky":false,"template":"","format":"standard","meta":{"_lmt_disableupdate":"","_lmt_disable":"","_jetpack_memberships_contains_paid_content":false,"footnotes":""},"categories":[109,47],"tags":[148],"class_list":["post-56496","post","type-post","status-publish","format-standard","has-post-thumbnail","hentry","category-minuto-a-minuto","category-zona-gris","tag-oaxaca-de-juarez"],"jetpack_featured_media_url":"https:\/\/zonaroja.com.mx\/wp-content\/uploads\/2023\/06\/Protesta-comerciantes-artesanos-Cabildo-Oaxaca.jpg","jetpack_sharing_enabled":true,"_links":{"self":[{"href":"https:\/\/zonaroja.com.mx\/index.php?rest_route=\/wp\/v2\/posts\/56496","targetHints":{"allow":["GET"]}}],"collection":[{"href":"https:\/\/zonaroja.com.mx\/index.php?rest_route=\/wp\/v2\/posts"}],"about":[{"href":"https:\/\/zonaroja.com.mx\/index.php?rest_route=\/wp\/v2\/types\/post"}],"author":[{"embeddable":true,"href":"https:\/\/zonaroja.com.mx\/index.php?rest_route=\/wp\/v2\/users\/2"}],"replies":[{"embeddable":true,"href":"https:\/\/zonaroja.com.mx\/index.php?rest_route=%2Fwp%2Fv2%2Fcomments&post=56496"}],"version-history":[{"count":1,"href":"https:\/\/zonaroja.com.mx\/index.php?rest_route=\/wp\/v2\/posts\/56496\/revisions"}],"predecessor-version":[{"id":56497,"href":"https:\/\/zonaroja.com.mx\/index.php?rest_route=\/wp\/v2\/posts\/56496\/revisions\/56497"}],"wp:featuredmedia":[{"embeddable":true,"href":"https:\/\/zonaroja.com.mx\/index.php?rest_route=\/wp\/v2\/media\/56499"}],"wp:attachment":[{"href":"https:\/\/zonaroja.com.mx\/index.php?rest_route=%2Fwp%2Fv2%2Fmedia&parent=56496"}],"wp:term":[{"taxonomy":"category","embeddable":true,"href":"https:\/\/zonaroja.com.mx\/index.php?rest_route=%2Fwp%2Fv2%2Fcategories&post=56496"},{"taxonomy":"post_tag","embeddable":true,"href":"https:\/\/zonaroja.com.mx\/index.php?rest_route=%2Fwp%2Fv2%2Ftags&post=56496"}],"curies":[{"name":"wp","href":"https:\/\/api.w.org\/{rel}","templated":true}]}}