{"id":56498,"date":"2023-06-15T22:04:55","date_gmt":"2023-06-16T03:04:55","guid":{"rendered":"http:\/\/www.zonaroja.com.mx\/?p=56498"},"modified":"2023-06-15T22:05:17","modified_gmt":"2023-06-16T03:05:17","slug":"matan-a-estudiante-veracruzana-en-tuxtepec-oaxaca","status":"publish","type":"post","link":"https:\/\/zonaroja.com.mx\/?p=56498","title":{"rendered":"Matan a estudiante veracruzana en Tuxtepec, Oaxaca"},"content":{"rendered":"\n<p>Redacci\u00f3n\/Zona Roja.<\/p>\n\n\n\n<p>Oaxaca de Ju\u00e1rez, Oax., a 15 de junio de 2023.- Una joven estudiante universitaria originaria de Playa Vicente, Veracruz, fue localizada muerta y tirada entre ca\u00f1ales en jurisdicci\u00f3n de San Juan Bautista Tuxtepec, Oaxaca.<\/p>\n\n\n\n<p>El cuerpo fue localizado ayer por la tarde en jurisdicci\u00f3n de la localidad de Mata de Ca\u00f1a y seg\u00fan los primeros reportes, presenta varios impactos de arma de fuego.<\/p>\n\n\n\n<p>La joven de aproximadamente 22 a\u00f1os de edad estudiaba el sexto semestre de la licenciatura en Administraci\u00f3n en la Universidad del Golfo de M\u00e9xico y hacia su servicio social en la escuela Secundaria T\u00e9cnica Industrial 16, ambos en Playa Vicente.<\/p>\n\n\n\n<p>A\u00fan se desconoce si fue asesinada en territorio oaxaque\u00f1o o en la entidad vecina y vinieron a arrojar su cuerpo en jurisdicci\u00f3n de Tuxtepec. Fue identificada como Olivia del Rosario G. B.<\/p>\n","protected":false},"excerpt":{"rendered":"<p>Redacci\u00f3n\/Zona Roja. Oaxaca de Ju\u00e1rez, Oax., a 15 de junio de 2023.- Una joven estudiante&hellip;<\/p>\n","protected":false},"author":2,"featured_media":56502,"comment_status":"closed","ping_status":"open","sticky":false,"template":"","format":"standard","meta":{"_lmt_disableupdate":"","_lmt_disable":"","_jetpack_memberships_contains_paid_content":false,"footnotes":""},"categories":[109,51],"tags":[118],"class_list":["post-56498","post","type-post","status-publish","format-standard","has-post-thumbnail","hentry","category-minuto-a-minuto","category-zona-roja","tag-san-juan-bautista-tuxtepec"],"jetpack_featured_media_url":"https:\/\/zonaroja.com.mx\/wp-content\/uploads\/2023\/06\/Olivia-del-Rosario-Gregorio-Benitez-asesinada-Tuxtepec.jpeg","jetpack_sharing_enabled":true,"_links":{"self":[{"href":"https:\/\/zonaroja.com.mx\/index.php?rest_route=\/wp\/v2\/posts\/56498","targetHints":{"allow":["GET"]}}],"collection":[{"href":"https:\/\/zonaroja.com.mx\/index.php?rest_route=\/wp\/v2\/posts"}],"about":[{"href":"https:\/\/zonaroja.com.mx\/index.php?rest_route=\/wp\/v2\/types\/post"}],"author":[{"embeddable":true,"href":"https:\/\/zonaroja.com.mx\/index.php?rest_route=\/wp\/v2\/users\/2"}],"replies":[{"embeddable":true,"href":"https:\/\/zonaroja.com.mx\/index.php?rest_route=%2Fwp%2Fv2%2Fcomments&post=56498"}],"version-history":[{"count":1,"href":"https:\/\/zonaroja.com.mx\/index.php?rest_route=\/wp\/v2\/posts\/56498\/revisions"}],"predecessor-version":[{"id":56503,"href":"https:\/\/zonaroja.com.mx\/index.php?rest_route=\/wp\/v2\/posts\/56498\/revisions\/56503"}],"wp:featuredmedia":[{"embeddable":true,"href":"https:\/\/zonaroja.com.mx\/index.php?rest_route=\/wp\/v2\/media\/56502"}],"wp:attachment":[{"href":"https:\/\/zonaroja.com.mx\/index.php?rest_route=%2Fwp%2Fv2%2Fmedia&parent=56498"}],"wp:term":[{"taxonomy":"category","embeddable":true,"href":"https:\/\/zonaroja.com.mx\/index.php?rest_route=%2Fwp%2Fv2%2Fcategories&post=56498"},{"taxonomy":"post_tag","embeddable":true,"href":"https:\/\/zonaroja.com.mx\/index.php?rest_route=%2Fwp%2Fv2%2Ftags&post=56498"}],"curies":[{"name":"wp","href":"https:\/\/api.w.org\/{rel}","templated":true}]}}