{"id":56504,"date":"2023-06-15T22:06:05","date_gmt":"2023-06-16T03:06:05","guid":{"rendered":"http:\/\/www.zonaroja.com.mx\/?p=56504"},"modified":"2023-06-15T22:06:07","modified_gmt":"2023-06-16T03:06:07","slug":"interpone-canaco-amparo-ante-prohibiciones-al-comercio-por-el-gobierno-de-neri","status":"publish","type":"post","link":"https:\/\/zonaroja.com.mx\/?p=56504","title":{"rendered":"Interpone Canaco amparo ante prohibiciones al comercio por el gobierno de Neri"},"content":{"rendered":"\n<p>Yuridiana Sosa\/Zona Roja.<\/p>\n\n\n\n<p>Oaxaca de Ju\u00e1rez, Oax., a 15 de junio de 2023.- Ante la aprobaci\u00f3n del gobierno de Francisco Mart\u00ednez Neri de no otorgar m\u00e1s licencias a todo tipo de comercio con venta de alcohol, la C\u00e1mara Nacional de Comercio en Peque\u00f1o, Servicios y Turismo de Oaxaca (Canacope-Servytur) interpuso un amparo en un juzgado del distrito, en defensa del derecho al trabajo.<\/p>\n\n\n\n<p>Los representantes del sector comercial afectados en la capital del estado, calificaron como una laceraci\u00f3n del gobierno municipal al desarrollo econ\u00f3mico de la ciudad de Oaxaca, en la que de paso tambi\u00e9n se afectar\u00e1 al sector mezcalero.<\/p>\n\n\n\n<p>En conferencia de prensa, el presidente de Canaco, Andr\u00e9s S\u00e1nchez Gonz\u00e1lez, lament\u00f3 que el jueves pasado el Cabildo de Oaxaca haya aprobado la suspensi\u00f3n de las licencias para la apertura de restaurantes y bares con venta de bebidas alcoh\u00f3licas pese a la inconformidad previa del sector comercial afectado, del que dependen miles de familias.<\/p>\n\n\n\n<p>Por lo que, el amparo, dijo, se promovi\u00f3 con relaci\u00f3n al derecho al trabajo, as\u00ed como tambi\u00e9n interpondr\u00e1n una queja ante la Defensor\u00eda de los Derechos Humanos del Pueblo de Oaxaca.<\/p>\n\n\n\n<p>S\u00e1nchez Gonz\u00e1lez agreg\u00f3 que es preocupante la contradicci\u00f3n que el Cabildo, pues mientras proh\u00edbe las licencias por seis meses, ordena a sus instancias realizar verificaciones de permisos a los establecimientos que venden alcohol, con el riesgo de que no logren la renovaci\u00f3n de sus licencias y los lleguen a cancelar.<\/p>\n\n\n\n<p>Por su parte, el vicepresidente de la Canacope, Pedro Corres Sillas, se\u00f1al\u00f3 que en 70 a\u00f1os de existencia de la c\u00e1mara nunca se hab\u00eda registrado que un gobierno evitar\u00e1 el desarrollo econ\u00f3mico de su comunidad.<\/p>\n\n\n\n<p>La medida del ayuntamiento, con el fin de reducir la violencia contra las mujeres en la capital, tambi\u00e9n evitar\u00e1 el resto del a\u00f1o nuevas inversiones en la industria restaurantera, hoteles, entre otros, que ofrecen bebidas con alcohol, por lo menos hasta el 2024.<\/p>\n\n\n\n<p>Varios de los comercios dejar\u00e1n de vender mezcal, la bebida artesanal de gran demanda y generadora de ingresos para cientos de familias.<\/p>\n\n\n\n<p>Corres Sillas asever\u00f3 que las autoridades est\u00e1n en un error al estigmatizar a los comercios con venta de bebidas alcoh\u00f3licas como los generadores de la violencia contra la mujer.&nbsp;<\/p>\n","protected":false},"excerpt":{"rendered":"<p>Yuridiana Sosa\/Zona Roja. Oaxaca de Ju\u00e1rez, Oax., a 15 de junio de 2023.- Ante la&hellip;<\/p>\n","protected":false},"author":2,"featured_media":56501,"comment_status":"closed","ping_status":"open","sticky":false,"template":"","format":"standard","meta":{"_lmt_disableupdate":"","_lmt_disable":"","_jetpack_memberships_contains_paid_content":false,"footnotes":""},"categories":[109,47],"tags":[148],"class_list":["post-56504","post","type-post","status-publish","format-standard","has-post-thumbnail","hentry","category-minuto-a-minuto","category-zona-gris","tag-oaxaca-de-juarez"],"jetpack_featured_media_url":"https:\/\/zonaroja.com.mx\/wp-content\/uploads\/2023\/06\/Conferencia-de-prensa-Camara-Nacional-de-Comercio-Oaxaca.jpg","jetpack_sharing_enabled":true,"_links":{"self":[{"href":"https:\/\/zonaroja.com.mx\/index.php?rest_route=\/wp\/v2\/posts\/56504","targetHints":{"allow":["GET"]}}],"collection":[{"href":"https:\/\/zonaroja.com.mx\/index.php?rest_route=\/wp\/v2\/posts"}],"about":[{"href":"https:\/\/zonaroja.com.mx\/index.php?rest_route=\/wp\/v2\/types\/post"}],"author":[{"embeddable":true,"href":"https:\/\/zonaroja.com.mx\/index.php?rest_route=\/wp\/v2\/users\/2"}],"replies":[{"embeddable":true,"href":"https:\/\/zonaroja.com.mx\/index.php?rest_route=%2Fwp%2Fv2%2Fcomments&post=56504"}],"version-history":[{"count":1,"href":"https:\/\/zonaroja.com.mx\/index.php?rest_route=\/wp\/v2\/posts\/56504\/revisions"}],"predecessor-version":[{"id":56505,"href":"https:\/\/zonaroja.com.mx\/index.php?rest_route=\/wp\/v2\/posts\/56504\/revisions\/56505"}],"wp:featuredmedia":[{"embeddable":true,"href":"https:\/\/zonaroja.com.mx\/index.php?rest_route=\/wp\/v2\/media\/56501"}],"wp:attachment":[{"href":"https:\/\/zonaroja.com.mx\/index.php?rest_route=%2Fwp%2Fv2%2Fmedia&parent=56504"}],"wp:term":[{"taxonomy":"category","embeddable":true,"href":"https:\/\/zonaroja.com.mx\/index.php?rest_route=%2Fwp%2Fv2%2Fcategories&post=56504"},{"taxonomy":"post_tag","embeddable":true,"href":"https:\/\/zonaroja.com.mx\/index.php?rest_route=%2Fwp%2Fv2%2Ftags&post=56504"}],"curies":[{"name":"wp","href":"https:\/\/api.w.org\/{rel}","templated":true}]}}