{"id":56506,"date":"2023-06-16T08:11:37","date_gmt":"2023-06-16T13:11:37","guid":{"rendered":"http:\/\/www.zonaroja.com.mx\/?p=56506"},"modified":"2023-06-16T08:11:41","modified_gmt":"2023-06-16T13:11:41","slug":"xoxocotlan-y-gobierno-suman-esfuerzos-a-favor-de-migrantes","status":"publish","type":"post","link":"https:\/\/zonaroja.com.mx\/?p=56506","title":{"rendered":"Xoxocotl\u00e1n y gobierno suman esfuerzos a favor de migrantes"},"content":{"rendered":"\n<p>Redacci\u00f3n\/Zona Roja.<\/p>\n\n\n\n<p>Oaxaca de Ju\u00e1rez, Oax., a 16 de junio de 2023.- El presidente municipal de Santa Cruz Xoxocotl\u00e1n, Inocente Castellanos Alejos, y el titular del Instituto de Atenci\u00f3n Integral al Migrante Oaxaque\u00f1o (IAIMO), Silverio \u00c1vila Mart\u00ednez, signaron un convenio con la finalidad de establecer las bases de colaboraci\u00f3n para la ejecuci\u00f3n del programa \u201cEnlaces Municipales Representantes de Migrantes\u201d.<\/p>\n\n\n\n<p>Al respecto, el doctor \u201cChente\u201d Castellanos celebr\u00f3 el inter\u00e9s del gobierno de Oaxaca, por incluir a esta comunidad en un programa que contribuir\u00e1 en los esfuerzos que ya realiza su administraci\u00f3n por atender a las aproximadamente mil 600 familias de migrantes que habitan en este municipio.<\/p>\n\n\n\n<p>\u201cEstoy seguro que este acuerdo ser\u00e1 de grandes beneficios para la comunidad migrante que expulsa Xoxocotl\u00e1n y para sus familias, nosotros como gobierno hemos realizado a trav\u00e9s de la regidur\u00eda correspondiente una serie de tareas relacionadas con su certeza legal y la de sus familias, todo lo que sume en apoyo de nuestros paisanos radicados en otros pa\u00edses, siempre ser\u00e1 bienvenido\u201d, dijo el mun\u00edcipe.<\/p>\n\n\n\n<p>Por su parte, el titular del IAIMO, Silverio \u00c1vila Mart\u00ednez, asever\u00f3 que este tipo de acuerdos contribuyen a la atenci\u00f3n relacionada con asuntos jur\u00eddicos, pensiones y atenci\u00f3n m\u00e9dica, de los inmigrantes oaxaque\u00f1os.<\/p>\n\n\n\n<p>\u201cCon este tipo de convenios nos involucramos todos los niveles de gobierno en un tema que urge de atenci\u00f3n eficaz con programas sociales efectivos, con el acompa\u00f1amiento, asesor\u00eda y apoyo de los familiares, cuando alg\u00fan migrante fallece fuera del pa\u00eds, por eso la importancia de involucrar a las autoridades municipales\u201d, sostuvo.<\/p>\n\n\n\n<p>A partir de ello, el gobierno municipal xoxe\u00f1o asume la responsabilidad de contar con un enlace que se har\u00e1 cargo de dar seguimiento a todas las tareas que se desarrollen en este tema, responsabilidad que asumi\u00f3 el regidor de Atenci\u00f3n al Migrante, Emilio Cruz Jacinto.<\/p>\n","protected":false},"excerpt":{"rendered":"<p>Redacci\u00f3n\/Zona Roja. Oaxaca de Ju\u00e1rez, Oax., a 16 de junio de 2023.- El presidente municipal&hellip;<\/p>\n","protected":false},"author":2,"featured_media":56507,"comment_status":"closed","ping_status":"open","sticky":false,"template":"","format":"standard","meta":{"_lmt_disableupdate":"","_lmt_disable":"","_jetpack_memberships_contains_paid_content":false,"footnotes":""},"categories":[109,46],"tags":[133],"class_list":["post-56506","post","type-post","status-publish","format-standard","has-post-thumbnail","hentry","category-minuto-a-minuto","category-zona-blanca","tag-santa-cruz-xoxocotlan"],"jetpack_featured_media_url":"https:\/\/zonaroja.com.mx\/wp-content\/uploads\/2023\/06\/Convenio-Xoxocotlan-migrantes.jpg","jetpack_sharing_enabled":true,"_links":{"self":[{"href":"https:\/\/zonaroja.com.mx\/index.php?rest_route=\/wp\/v2\/posts\/56506","targetHints":{"allow":["GET"]}}],"collection":[{"href":"https:\/\/zonaroja.com.mx\/index.php?rest_route=\/wp\/v2\/posts"}],"about":[{"href":"https:\/\/zonaroja.com.mx\/index.php?rest_route=\/wp\/v2\/types\/post"}],"author":[{"embeddable":true,"href":"https:\/\/zonaroja.com.mx\/index.php?rest_route=\/wp\/v2\/users\/2"}],"replies":[{"embeddable":true,"href":"https:\/\/zonaroja.com.mx\/index.php?rest_route=%2Fwp%2Fv2%2Fcomments&post=56506"}],"version-history":[{"count":1,"href":"https:\/\/zonaroja.com.mx\/index.php?rest_route=\/wp\/v2\/posts\/56506\/revisions"}],"predecessor-version":[{"id":56508,"href":"https:\/\/zonaroja.com.mx\/index.php?rest_route=\/wp\/v2\/posts\/56506\/revisions\/56508"}],"wp:featuredmedia":[{"embeddable":true,"href":"https:\/\/zonaroja.com.mx\/index.php?rest_route=\/wp\/v2\/media\/56507"}],"wp:attachment":[{"href":"https:\/\/zonaroja.com.mx\/index.php?rest_route=%2Fwp%2Fv2%2Fmedia&parent=56506"}],"wp:term":[{"taxonomy":"category","embeddable":true,"href":"https:\/\/zonaroja.com.mx\/index.php?rest_route=%2Fwp%2Fv2%2Fcategories&post=56506"},{"taxonomy":"post_tag","embeddable":true,"href":"https:\/\/zonaroja.com.mx\/index.php?rest_route=%2Fwp%2Fv2%2Ftags&post=56506"}],"curies":[{"name":"wp","href":"https:\/\/api.w.org\/{rel}","templated":true}]}}