{"id":56509,"date":"2023-06-16T10:30:00","date_gmt":"2023-06-16T15:30:00","guid":{"rendered":"http:\/\/www.zonaroja.com.mx\/?p=56509"},"modified":"2023-06-16T08:13:14","modified_gmt":"2023-06-16T13:13:14","slug":"comunidad-zapoteca-del-istmo-gana-amparo-contra-corredor-interoceanico","status":"publish","type":"post","link":"https:\/\/zonaroja.com.mx\/?p=56509","title":{"rendered":"Comunidad zapoteca del Istmo gana amparo contra Corredor Interoce\u00e1nico"},"content":{"rendered":"\n<p>Redacci\u00f3n\/Zona Roja.<\/p>\n\n\n\n<p>Oaxaca de Ju\u00e1rez, Oax., a 16 de junio de 2023.- Habitantes de la comunidad zapoteca de Puente Madera, perteneciente al municipio de San Blas Atempa, en la regi\u00f3n istme\u00f1a de Oaxaca, obtuvieron un amparo por parte de un juez federal, con el cual se suspenden de forma temporal las obras del parque industrial proyectado en la tierra comunal de \u201cEl Pitayal\u201d.<\/p>\n\n\n\n<p>El agente municipal de Puente Madera, David Hern\u00e1ndez Salazar, dio a conocer que el Juzgado Federal Siete otorg\u00f3 la suspensi\u00f3n de oficio y de plano con lo cual se frenan las obras mientras el Tribunal Unitario Agrario (TUA) no resuelva el juicio de nulidad 159\/2021 presentado contra la \u201casamblea ama\u00f1ada\u201d del 14 de marzo de 2021 donde hasta los comuneros muertos votaron y autorizaron el parque industrial.<\/p>\n\n\n\n<p>\u201cEsta victoria es para todas las comunidades y personas que aman y defienden la tierra, bienes naturales y territorios del Istmo de Tehuantepec\u201d, afirm\u00f3 el agente municipal de Puente Madera durante una conferencia de prensa en la Ciudad de M\u00e9xico.<\/p>\n\n\n\n<p>A\u00f1adi\u00f3 que el parque industrial que se pretende construir va en contra de las comunidades ind\u00edgenas y no se ha implementado como se debe, pues en las asambleas del Instituto Nacional de Pueblos Ind\u00edgenas se debieron convocar a todas las comunidades.<\/p>\n\n\n\n<p>El amparo otorgado a Puente Madera ocurre en el contexto de las licitaciones que el Gobierno Federal publicar\u00e1 sobre los 10 parques industriales del Corredor Interoce\u00e1nico a lo largo de las v\u00edas del tren de Salina Cruz, Oaxaca, a Coatzacoalcos, Veracruz.<\/p>\n","protected":false},"excerpt":{"rendered":"<p>Redacci\u00f3n\/Zona Roja. Oaxaca de Ju\u00e1rez, Oax., a 16 de junio de 2023.- Habitantes de la&hellip;<\/p>\n","protected":false},"author":2,"featured_media":52857,"comment_status":"closed","ping_status":"open","sticky":false,"template":"","format":"standard","meta":{"_lmt_disableupdate":"","_lmt_disable":"","_jetpack_memberships_contains_paid_content":false,"footnotes":""},"categories":[109,47],"tags":[2917],"class_list":["post-56509","post","type-post","status-publish","format-standard","has-post-thumbnail","hentry","category-minuto-a-minuto","category-zona-gris","tag-corredor-interoceanico-oaxaca"],"jetpack_featured_media_url":"https:\/\/zonaroja.com.mx\/wp-content\/uploads\/2023\/03\/Corredor-Interoceanico-rechazo-a-proyecto.jpeg","jetpack_sharing_enabled":true,"_links":{"self":[{"href":"https:\/\/zonaroja.com.mx\/index.php?rest_route=\/wp\/v2\/posts\/56509","targetHints":{"allow":["GET"]}}],"collection":[{"href":"https:\/\/zonaroja.com.mx\/index.php?rest_route=\/wp\/v2\/posts"}],"about":[{"href":"https:\/\/zonaroja.com.mx\/index.php?rest_route=\/wp\/v2\/types\/post"}],"author":[{"embeddable":true,"href":"https:\/\/zonaroja.com.mx\/index.php?rest_route=\/wp\/v2\/users\/2"}],"replies":[{"embeddable":true,"href":"https:\/\/zonaroja.com.mx\/index.php?rest_route=%2Fwp%2Fv2%2Fcomments&post=56509"}],"version-history":[{"count":1,"href":"https:\/\/zonaroja.com.mx\/index.php?rest_route=\/wp\/v2\/posts\/56509\/revisions"}],"predecessor-version":[{"id":56510,"href":"https:\/\/zonaroja.com.mx\/index.php?rest_route=\/wp\/v2\/posts\/56509\/revisions\/56510"}],"wp:featuredmedia":[{"embeddable":true,"href":"https:\/\/zonaroja.com.mx\/index.php?rest_route=\/wp\/v2\/media\/52857"}],"wp:attachment":[{"href":"https:\/\/zonaroja.com.mx\/index.php?rest_route=%2Fwp%2Fv2%2Fmedia&parent=56509"}],"wp:term":[{"taxonomy":"category","embeddable":true,"href":"https:\/\/zonaroja.com.mx\/index.php?rest_route=%2Fwp%2Fv2%2Fcategories&post=56509"},{"taxonomy":"post_tag","embeddable":true,"href":"https:\/\/zonaroja.com.mx\/index.php?rest_route=%2Fwp%2Fv2%2Ftags&post=56509"}],"curies":[{"name":"wp","href":"https:\/\/api.w.org\/{rel}","templated":true}]}}