{"id":5651,"date":"2019-11-11T20:30:50","date_gmt":"2019-11-12T02:30:50","guid":{"rendered":"http:\/\/www.zonaroja.com.mx\/?p=5651"},"modified":"2019-11-11T20:30:53","modified_gmt":"2019-11-12T02:30:53","slug":"en-primer-ano-legislativo-oaxaca-transito-hacia-sus-derechos-mld","status":"publish","type":"post","link":"https:\/\/zonaroja.com.mx\/?p=5651","title":{"rendered":"En primer a\u00f1o legislativo, Oaxaca transit\u00f3 hacia sus derechos: MLD"},"content":{"rendered":"\n<p>Ismael Garc\u00eda M.\/Zona Roja.<\/p>\n\n\n\n<p>San Raymundo Jalpan, Oax., 11 de\nnoviembre de 2019.- En este primer a\u00f1o de ejercicio legislativo Oaxaca transit\u00f3\nhacia sus derechos, consider\u00f3 la diputada Magaly L\u00f3pez Dom\u00ednguez, al rendir su\nprimer informe de labores, al lado de sus compa\u00f1eros del Partido Morena.<\/p>\n\n\n\n<p>En la sede de la C\u00e1mara de Diputados,\nla mayor\u00eda de legisladores de ese instituto pol\u00edtico present\u00f3 un recuento de\nactividades del primer a\u00f1o de ejercicio legan en la 64 Legislatura, con la\npresencia del presidente de la Mesa Directiva, C\u00e9sar Morales Dom\u00ednguez.<\/p>\n\n\n\n<p>En su intervenci\u00f3n en el sal\u00f3n de\nplenos, L\u00f3pez Dom\u00ednguez detall\u00f3 que en dicho lapso present\u00f3 22 iniciativas de\nley y 26 proposiciones con punto de acuerdo, as\u00ed como nueve proposiciones con\npunto de acuerdo y una iniciativa de ley, de forma conjunta.<\/p>\n\n\n\n<p>Estas fueron alineadas a tres\npreocupaciones principales: el establecimiento de garant\u00edas para el ejercicio\nefectivo de los derechos humanos; la protecci\u00f3n de personas defensoras de derechos\nhumanos, y la mayor protecci\u00f3n de las mujeres, ni\u00f1as, ni\u00f1os y adolescentes.<\/p>\n\n\n\n<p>\u201cA este Congreso entr\u00e9 de la mano con\nlas voces que permanec\u00edan en la puerta; las voces de aquellos y aquellas que\ndesde hace a\u00f1os peleaban por el reconocimiento de sus derechos; por ellos y\nellas la 64 Legislatura aprob\u00f3 el reconocimiento del matrimonio y el\nconcubinato igualitarios\u201d, expuso.<\/p>\n\n\n\n<p>En presencia del senador Cruz P\u00e9rez Cuellar, presidente de la Comisi\u00f3n Bicameral del Canal de Televisi\u00f3n; del director General del Canal de Televisi\u00f3n del Congreso de la Uni\u00f3n, Eduardo Fern\u00e1ndez S\u00e1nchez, y de la diputada federal Irma Juan Carlos, Presidenta de la Comisi\u00f3n de Pueblos Ind\u00edgenas, sostuvo que no habr\u00e1 cambio verdadero si no se garantiza la participaci\u00f3n igualitaria de las mujeres.<\/p>\n\n\n\n<figure class=\"wp-block-embed-twitter wp-block-embed is-type-rich is-provider-twitter\"><div class=\"wp-block-embed__wrapper\">\n<div class=\"twitter-tweet\"><blockquote class=\"twitter-tweet\" data-lang=\"es\"><p lang=\"es\" dir=\"ltr\">En su intervenci\u00f3n, la diputada por Morena, <a href=\"https:\/\/twitter.com\/Magaly_LopezOax?ref_src=twsrc%5Etfw\">@Magaly_LopezOax<\/a>, destac\u00f3 las acciones realizadas en el primer a\u00f1o legislativo, en particular en la defensa de los derechos humanos, como presidenta de esa comisi\u00f3n en el <a href=\"https:\/\/twitter.com\/CongresoOaxLXIV?ref_src=twsrc%5Etfw\">@CongresoOaxLXIV<\/a>. <a href=\"https:\/\/t.co\/DKgtixurwL\">pic.twitter.com\/DKgtixurwL<\/a><\/p>&mdash; Zona Roja Oaxaca (@MexRoja) <a href=\"https:\/\/twitter.com\/MexRoja\/status\/1193979467439448065?ref_src=twsrc%5Etfw\">11 de noviembre de 2019<\/a><\/blockquote><\/div>\n<\/div><\/figure>\n\n\n\n<p>\u201cA paso m\u00e1s lento va la discusi\u00f3n de mi\niniciativa para reformar la ley electoral, a fin de garantizar el derecho de\nlas mujeres ind\u00edgenas para ser votadas en pie de igualdad con los hombres en\nlos municipios ind\u00edgenas. Conf\u00edo en que pronto pueda aprobarse y se permita el\nejercicio de los derechos hasta hoy menoscabados, de la mayor\u00eda de la\npoblaci\u00f3n, de la mayor\u00eda de los municipios de nuestro estado\u201d, dijo.<\/p>\n\n\n\n<p>La legisladora Magaly L\u00f3pez precis\u00f3 que\nen la garant\u00eda del ejercicio de derechos humanos, propuso una iniciativa para\ngarantizar que sea gratuita la educaci\u00f3n media superior y superior que imparte\nel Estado. <\/p>\n\n\n\n<p>\u201cEl gobierno no tiene por qu\u00e9 cobrar a\nlas y los estudiantes de bachillerato y licenciatura, y menos a\u00fan en las\ninstituciones que atienden a la poblaci\u00f3n m\u00e1s pobre del estado\u201d, manifest\u00f3.<\/p>\n\n\n\n<p>En cuanto a la protecci\u00f3n de personas\ndefensoras de derechos humanos, incluyendo entre ellas a periodistas, diversos\npuntos de acuerdo dieron cuenta de la grave situaci\u00f3n en la que se encuentran,\nbuscando que la m\u00e1xima visibilidad contribuya a disminuir su vulnerabilidad y a\nla intervenci\u00f3n inmediata del Estado, dijo.<\/p>\n\n\n\n<p>Expuso que en torno a la protecci\u00f3n de\nni\u00f1as, ni\u00f1os y adolescentes, propuso y fue aprobada una reforma al C\u00f3digo Penal\npara aumentar significativamente las penas por maltrato infantil, que ahora\nadem\u00e1s es causal para la p\u00e9rdida de la custodia o la tutela. <\/p>\n\n\n\n<p>En el mismo tema, est\u00e1 a\u00fan en discusi\u00f3n\nuna iniciativa para prohibir la venta, a menores de edad, de refrescos y\nalimentos de alto contenido cal\u00f3rico.<\/p>\n\n\n\n<p>\u201cSomos la voz que hoy se escucha\nfuerte; somos la diversidad que hasta hace algunos meses bailaba en bodas de\notros y hoy puede casarse; podemos ser la mujer ind\u00edgena que con la garant\u00eda de\nparidad camine con otras mujeres hacia el ejercicio pleno de sus derechos\npol\u00edticos; somos el ni\u00f1o y la ni\u00f1a que debe protegerse; somos el periodista que\nquiere escribir siempre en un Oaxaca con esperanza. Somos los que so\u00f1aban y hoy\ndespiertan en un Oaxaca con derechos\u201d, concluy\u00f3.<\/p>\n","protected":false},"excerpt":{"rendered":"<p>Ismael Garc\u00eda M.\/Zona Roja. San Raymundo Jalpan, Oax., 11 de noviembre de 2019.- En este&hellip;<\/p>\n","protected":false},"author":2,"featured_media":5652,"comment_status":"closed","ping_status":"open","sticky":false,"template":"","format":"standard","meta":{"_lmt_disableupdate":"","_lmt_disable":"","_jetpack_memberships_contains_paid_content":false,"footnotes":""},"categories":[109,46],"tags":[213,192],"class_list":["post-5651","post","type-post","status-publish","format-standard","has-post-thumbnail","hentry","category-minuto-a-minuto","category-zona-blanca","tag-64-legislatura-de-oaxaca","tag-diputada-magaly-lopez-dominguez"],"jetpack_featured_media_url":"https:\/\/zonaroja.com.mx\/wp-content\/uploads\/2019\/11\/Magaly-L\u00f3pez.jpg","jetpack_sharing_enabled":true,"_links":{"self":[{"href":"https:\/\/zonaroja.com.mx\/index.php?rest_route=\/wp\/v2\/posts\/5651","targetHints":{"allow":["GET"]}}],"collection":[{"href":"https:\/\/zonaroja.com.mx\/index.php?rest_route=\/wp\/v2\/posts"}],"about":[{"href":"https:\/\/zonaroja.com.mx\/index.php?rest_route=\/wp\/v2\/types\/post"}],"author":[{"embeddable":true,"href":"https:\/\/zonaroja.com.mx\/index.php?rest_route=\/wp\/v2\/users\/2"}],"replies":[{"embeddable":true,"href":"https:\/\/zonaroja.com.mx\/index.php?rest_route=%2Fwp%2Fv2%2Fcomments&post=5651"}],"version-history":[{"count":1,"href":"https:\/\/zonaroja.com.mx\/index.php?rest_route=\/wp\/v2\/posts\/5651\/revisions"}],"predecessor-version":[{"id":5653,"href":"https:\/\/zonaroja.com.mx\/index.php?rest_route=\/wp\/v2\/posts\/5651\/revisions\/5653"}],"wp:featuredmedia":[{"embeddable":true,"href":"https:\/\/zonaroja.com.mx\/index.php?rest_route=\/wp\/v2\/media\/5652"}],"wp:attachment":[{"href":"https:\/\/zonaroja.com.mx\/index.php?rest_route=%2Fwp%2Fv2%2Fmedia&parent=5651"}],"wp:term":[{"taxonomy":"category","embeddable":true,"href":"https:\/\/zonaroja.com.mx\/index.php?rest_route=%2Fwp%2Fv2%2Fcategories&post=5651"},{"taxonomy":"post_tag","embeddable":true,"href":"https:\/\/zonaroja.com.mx\/index.php?rest_route=%2Fwp%2Fv2%2Ftags&post=5651"}],"curies":[{"name":"wp","href":"https:\/\/api.w.org\/{rel}","templated":true}]}}