{"id":56511,"date":"2023-06-16T11:13:00","date_gmt":"2023-06-16T16:13:00","guid":{"rendered":"http:\/\/www.zonaroja.com.mx\/?p=56511"},"modified":"2023-06-16T08:14:36","modified_gmt":"2023-06-16T13:14:36","slug":"logra-fiscalia-detencion-de-sujeto-generador-de-violencia-en-la-mixteca","status":"publish","type":"post","link":"https:\/\/zonaroja.com.mx\/?p=56511","title":{"rendered":"Logra Fiscal\u00eda detenci\u00f3n de sujeto generador de violencia en la Mixteca"},"content":{"rendered":"\n<p>Redacci\u00f3n\/Zona Roja.&nbsp;<\/p>\n\n\n\n<p>Oaxaca de Ju\u00e1rez, Oax., a 16 de junio de 2023.- &nbsp;La Fiscal\u00eda General del Estado de Oaxaca (FGEO), a trav\u00e9s de la Agencia Estatal de Investigaciones (AEI), con respaldo de elementos de la Secretar\u00eda de la Defensa Nacional (Sedena), Guardia Nacional (GN), as\u00ed como polic\u00edas estatales y municipales de Huajuapan de Le\u00f3n, llevaron a cabo cuatro cateos simult\u00e1neos en dicha ciudad de la Mixteca, en cuyo marco se logr\u00f3 el aseguramiento de \u201cEl Maik\u201d, sujeto se\u00f1alado de ser uno de los principales generadores de la violencia registrada en dicha regi\u00f3n, as\u00ed como de dos integrantes de la banda del \u201cChava\u201d.<\/p>\n\n\n\n<p>Durante la noche y madrugada de este mi\u00e9rcoles y jueves, elementos de cuerpos policiales, as\u00ed como Ej\u00e9rcito y GN, llevaron a cabo cateos simult\u00e1neos en cuatro domicilios de Huajuapan de Le\u00f3n, en cuyo marco se logr\u00f3 la detenci\u00f3n de B.A.P.R (alias \u201cEl Maik\u201d), quien es uno de los objetivos claves para la recuperaci\u00f3n de la paz en dicho municipio, as\u00ed como de un hombre identificado con las iniciales F.T.G. y de una mujer M.M.M. (estos dos \u00faltimos integrantes de la banda del \u201cChava\u201d), quienes ser\u00e1n puestos a disposici\u00f3n para que se determine su situaci\u00f3n jur\u00eddica.<\/p>\n\n\n\n<p>A la par de las detenciones, los uniformados tambi\u00e9n aseguraron diversas cantidades de drogas como marihuana, coca\u00edna, cristal, adem\u00e1s de dinero en efectivo, celulares y armas de grueso calibre en los sitios en los que se implementaron los cateos.<\/p>\n\n\n\n<p>Aunado a ello, desde el 12 de junio, fecha en la que inici\u00f3 el Operativo Huajuapan, coordinado por la Fiscal\u00eda General del Estado, se han logrado tambi\u00e9n otras tres detenciones (dos por narcomenudeo y una equiparada al robo de veh\u00edculo).<\/p>\n\n\n\n<p>Con la implementaci\u00f3n de filtros y rondines de seguridad por parte de polic\u00edas estatales, municipales, Guardia Nacional y personal de Sedena se logr\u00f3 tambi\u00e9n la recuperaci\u00f3n de 2 motocicletas con reporte de robo, as\u00ed como el aseguramiento de drogas.<\/p>\n\n\n\n<figure class=\"wp-block-embed is-type-rich is-provider-twitter wp-block-embed-twitter\"><div class=\"wp-block-embed__wrapper\">\n<div class=\"twitter-tweet\"><blockquote class=\"twitter-tweet\" data-lang=\"es\"><p lang=\"es\" dir=\"ltr\">En conferencia de prensa con el gabinete de seguridad del <a href=\"https:\/\/twitter.com\/GobOax?ref_src=twsrc%5Etfw\">@goboax<\/a>, el titular de la <a href=\"https:\/\/twitter.com\/FISCALIA_GobOax?ref_src=twsrc%5Etfw\">@FISCALIA_GobOax<\/a>, <a href=\"https:\/\/twitter.com\/FiscalOaxaca?ref_src=twsrc%5Etfw\">@FiscalOaxaca<\/a>, detall\u00f3 los logros de los operativos en la regi\u00f3n Mixteca, entre ellos la detenci\u00f3n de cuatro personas, como el &quot;Maik&quot;, principal generador de violencia en la\u2026 <a href=\"https:\/\/t.co\/iA9tiqwOZ6\">pic.twitter.com\/iA9tiqwOZ6<\/a><\/p>&mdash; Zona Roja Oaxaca (@ZonaRoja_Oaxaca) <a href=\"https:\/\/twitter.com\/ZonaRoja_Oaxaca\/status\/1669473819625500672?ref_src=twsrc%5Etfw\">15 de junio de 2023<\/a><\/blockquote><\/div>\n<\/div><\/figure>\n","protected":false},"excerpt":{"rendered":"<p>Redacci\u00f3n\/Zona Roja.&nbsp; Oaxaca de Ju\u00e1rez, Oax., a 16 de junio de 2023.- &nbsp;La Fiscal\u00eda General&hellip;<\/p>\n","protected":false},"author":2,"featured_media":56500,"comment_status":"closed","ping_status":"open","sticky":false,"template":"","format":"standard","meta":{"_lmt_disableupdate":"","_lmt_disable":"","_jetpack_memberships_contains_paid_content":false,"footnotes":""},"categories":[109,46],"tags":[494],"class_list":["post-56511","post","type-post","status-publish","format-standard","has-post-thumbnail","hentry","category-minuto-a-minuto","category-zona-blanca","tag-fiscalia-general-del-estado-de-oaxaca"],"jetpack_featured_media_url":"https:\/\/zonaroja.com.mx\/wp-content\/uploads\/2023\/06\/Fiscal-Bernardo-Rodriguez-Alamilla.jpg","jetpack_sharing_enabled":true,"_links":{"self":[{"href":"https:\/\/zonaroja.com.mx\/index.php?rest_route=\/wp\/v2\/posts\/56511","targetHints":{"allow":["GET"]}}],"collection":[{"href":"https:\/\/zonaroja.com.mx\/index.php?rest_route=\/wp\/v2\/posts"}],"about":[{"href":"https:\/\/zonaroja.com.mx\/index.php?rest_route=\/wp\/v2\/types\/post"}],"author":[{"embeddable":true,"href":"https:\/\/zonaroja.com.mx\/index.php?rest_route=\/wp\/v2\/users\/2"}],"replies":[{"embeddable":true,"href":"https:\/\/zonaroja.com.mx\/index.php?rest_route=%2Fwp%2Fv2%2Fcomments&post=56511"}],"version-history":[{"count":1,"href":"https:\/\/zonaroja.com.mx\/index.php?rest_route=\/wp\/v2\/posts\/56511\/revisions"}],"predecessor-version":[{"id":56512,"href":"https:\/\/zonaroja.com.mx\/index.php?rest_route=\/wp\/v2\/posts\/56511\/revisions\/56512"}],"wp:featuredmedia":[{"embeddable":true,"href":"https:\/\/zonaroja.com.mx\/index.php?rest_route=\/wp\/v2\/media\/56500"}],"wp:attachment":[{"href":"https:\/\/zonaroja.com.mx\/index.php?rest_route=%2Fwp%2Fv2%2Fmedia&parent=56511"}],"wp:term":[{"taxonomy":"category","embeddable":true,"href":"https:\/\/zonaroja.com.mx\/index.php?rest_route=%2Fwp%2Fv2%2Fcategories&post=56511"},{"taxonomy":"post_tag","embeddable":true,"href":"https:\/\/zonaroja.com.mx\/index.php?rest_route=%2Fwp%2Fv2%2Ftags&post=56511"}],"curies":[{"name":"wp","href":"https:\/\/api.w.org\/{rel}","templated":true}]}}