{"id":56513,"date":"2023-06-16T09:25:00","date_gmt":"2023-06-16T14:25:00","guid":{"rendered":"http:\/\/www.zonaroja.com.mx\/?p=56513"},"modified":"2023-06-16T08:20:16","modified_gmt":"2023-06-16T13:20:16","slug":"fenomeno-el-nino-seria-causa-de-muerte-de-cientos-de-aves-en-litoral-del-pacifico","status":"publish","type":"post","link":"https:\/\/zonaroja.com.mx\/?p=56513","title":{"rendered":"Fen\u00f3meno \u201cEl Ni\u00f1o\u201d ser\u00eda causa de muerte de cientos de aves en litoral del Pac\u00edfico"},"content":{"rendered":"\n<p>Redacci\u00f3n\/Zona Roja Cdmx.<\/p>\n\n\n\n<p>Ciudad de M\u00e9xico, a 16 de junio de 2023.- Cuando cientos de aves aparecieron muertas en la costa del Pac\u00edfico mexicano semanas atr\u00e1s, la principal sospecha de los expertos era que se trataba de nuevos casos de gripe aviar.&nbsp;<\/p>\n\n\n\n<p>Sin embargo, el gobierno de M\u00e9xico afirm\u00f3, este jueves 15 de junio, que la causa de dichas muertes es el calentamiento de las aguas del Oc\u00e9ano Pac\u00edfico por los efectos del fen\u00f3meno meteorol\u00f3gico de \u2018El Ni\u00f1o\u2019.<\/p>\n\n\n\n<p>A principios de junio se reportaron aves muertas en las costas de Chiapas, Oaxaca, Guerrero, Michoac\u00e1n, Jalisco, Sonora y Baja California Sur, por lo que el Senasica despleg\u00f3 un operativo de emergencia<\/p>\n\n\n\n<p>La Secretar\u00eda de Agricultura mexicana inform\u00f3, a trav\u00e9s de un comunicado, que las autopsias realizadas a las aves muertas que se hallaron en distintos puestos de costa oeste de M\u00e9xico revelaron que la causa m\u00e1s probable de muerte hab\u00eda sido el hambre, no la gripe.<\/p>\n\n\n\n<p>Y eso lo vinculan directamente con el fen\u00f3meno clim\u00e1tico porque al calentarse el agua m\u00e1s superficial por \u2018El Ni\u00f1o\u2019, los peces viven a m\u00e1s profundidad, en busca de aguas m\u00e1s fr\u00edas. Por lo tanto, eso impide que las aves marinas puedan atraparlos.<\/p>\n\n\n\n<p>De las 300 aves que aparecieron muertas en las costas, la mayor\u00eda eran pardelas cenicientas, gaviotas y pel\u00edcanos.<\/p>\n\n\n\n<p>\u2018El Ni\u00f1o\u2019 es un calentamiento natural, temporal y ocasional de parte del Pac\u00edfico que modifica los patrones meteorol\u00f3gicos en todo el planeta, puede causar lluvias muy fuertes o sequ\u00edas extremas.<\/p>\n\n\n\n<p>En mayo, la climat\u00f3loga de la Administraci\u00f3n Nacional Oce\u00e1nica y Atmosf\u00e9rica de Estados Unidos, Michelle L\u2019Heureux, afirm\u00f3 que \u2018El Ni\u00f1o\u2019 se hab\u00eda formado este a\u00f1o uno o dos meses antes de lo habitual, lo que \u201cle da margen para crecer\u201d. Augur\u00f3 que hay un 56 por ciento de probabilidades de que se considere fuerte y un 25 por ciento de que alcance niveles supergigantes.<\/p>\n\n\n\n<p>La muerte de aves marinas tambi\u00e9n se report\u00f3 en Per\u00fa y Chile coincidiendo con el fen\u00f3meno \u2018El Ni\u00f1o\u2019.<\/p>\n\n\n\n<p>(Informaci\u00f3n de AP en \u201cEl Financiero\u201d)<\/p>\n","protected":false},"excerpt":{"rendered":"<p>Redacci\u00f3n\/Zona Roja Cdmx. Ciudad de M\u00e9xico, a 16 de junio de 2023.- Cuando cientos de&hellip;<\/p>\n","protected":false},"author":2,"featured_media":56514,"comment_status":"closed","ping_status":"open","sticky":false,"template":"","format":"standard","meta":{"_lmt_disableupdate":"","_lmt_disable":"","_jetpack_memberships_contains_paid_content":false,"footnotes":""},"categories":[109,47],"tags":[],"class_list":["post-56513","post","type-post","status-publish","format-standard","has-post-thumbnail","hentry","category-minuto-a-minuto","category-zona-gris"],"jetpack_featured_media_url":"https:\/\/zonaroja.com.mx\/wp-content\/uploads\/2023\/06\/Muerte-de-aves-costas-Oaaxaca.jpeg","jetpack_sharing_enabled":true,"_links":{"self":[{"href":"https:\/\/zonaroja.com.mx\/index.php?rest_route=\/wp\/v2\/posts\/56513","targetHints":{"allow":["GET"]}}],"collection":[{"href":"https:\/\/zonaroja.com.mx\/index.php?rest_route=\/wp\/v2\/posts"}],"about":[{"href":"https:\/\/zonaroja.com.mx\/index.php?rest_route=\/wp\/v2\/types\/post"}],"author":[{"embeddable":true,"href":"https:\/\/zonaroja.com.mx\/index.php?rest_route=\/wp\/v2\/users\/2"}],"replies":[{"embeddable":true,"href":"https:\/\/zonaroja.com.mx\/index.php?rest_route=%2Fwp%2Fv2%2Fcomments&post=56513"}],"version-history":[{"count":1,"href":"https:\/\/zonaroja.com.mx\/index.php?rest_route=\/wp\/v2\/posts\/56513\/revisions"}],"predecessor-version":[{"id":56515,"href":"https:\/\/zonaroja.com.mx\/index.php?rest_route=\/wp\/v2\/posts\/56513\/revisions\/56515"}],"wp:featuredmedia":[{"embeddable":true,"href":"https:\/\/zonaroja.com.mx\/index.php?rest_route=\/wp\/v2\/media\/56514"}],"wp:attachment":[{"href":"https:\/\/zonaroja.com.mx\/index.php?rest_route=%2Fwp%2Fv2%2Fmedia&parent=56513"}],"wp:term":[{"taxonomy":"category","embeddable":true,"href":"https:\/\/zonaroja.com.mx\/index.php?rest_route=%2Fwp%2Fv2%2Fcategories&post=56513"},{"taxonomy":"post_tag","embeddable":true,"href":"https:\/\/zonaroja.com.mx\/index.php?rest_route=%2Fwp%2Fv2%2Ftags&post=56513"}],"curies":[{"name":"wp","href":"https:\/\/api.w.org\/{rel}","templated":true}]}}