{"id":56516,"date":"2023-06-16T15:20:00","date_gmt":"2023-06-16T20:20:00","guid":{"rendered":"http:\/\/www.zonaroja.com.mx\/?p=56516"},"modified":"2023-06-16T08:23:00","modified_gmt":"2023-06-16T13:23:00","slug":"registra-estados-unidos-record-de-homicidios-y-suicidios-entre-poblacion-joven","status":"publish","type":"post","link":"https:\/\/zonaroja.com.mx\/?p=56516","title":{"rendered":"Registra Estados Unidos r\u00e9cord de homicidios y suicidios entre poblaci\u00f3n joven"},"content":{"rendered":"\n<p>Redacci\u00f3n\/Zona Roja Cdmx.<\/p>\n\n\n\n<p>Ciudad de M\u00e9xico, a 16 de junio de 2023.- La tasa de homicidios de adolescentes mayores en Estados Unidos subi\u00f3 a su punto m\u00e1s alto en casi 25 a\u00f1os durante la pandemia de Covid-19 y la tasa de suicidios de adultos veintea\u00f1eros fue la mayor en m\u00e1s de 50 a\u00f1os, informaron ayer investigadores del gobierno.<\/p>\n\n\n\n<p>Los Centros para el Control y la Prevenci\u00f3n de Enfermedades de Estados Unidos (CDC, por sus siglas en ingl\u00e9s) analizaron las cifras de homicidios y suicidios en personas de entre 10 y 24 a\u00f1os, ocurridos de 2001 a 2021.<\/p>\n\n\n\n<p>El incremento es alarmante y \u201crefleja una crisis de salud mental entre j\u00f3venes y la necesidad de una serie de cambios de pol\u00edticas\u201d, declar\u00f3 el doctor Steven Woolf, investigador de la Universidad Virginia Commonwealth, que estudia las tendencias de muertes en Estados Unidos, pero no particip\u00f3 en el reporte de los CDC.<\/p>\n\n\n\n<p>Los expertos citaron varios posibles motivos de los repuntes, incluidas tasas m\u00e1s altas de depresi\u00f3n, disponibilidad limitada de servicios de salud y el n\u00famero dearmas en viviendas en el pa\u00eds.<\/p>\n\n\n\n<p>En 54 por ciento de los suicidios se utilizaron pistolas o rifles, as\u00ed como en 93 por ciento de los casos de homicidios en esa franja de edad en 2021, el a\u00f1o m\u00e1s reciente con estad\u00edsticas.<\/p>\n\n\n\n<p>El suicidio y el homicidio fueron la segunda y tercera causas de fallecimiento para individuos de entre 10 y 24 a\u00f1os, por detr\u00e1s de una categor\u00eda de muertes accidentales, que incluye choques automovil\u00edsticos, ca\u00eddas, ahogamientos y sobredosis.<\/p>\n\n\n\n<p>Las tasas de suicidio en ni\u00f1os y adolescentes ya estaban subiendo antes de la etapa de confinamiento por covid-19, pero se dispararon al comienzo de la pandemia.<\/p>\n\n\n\n<p>Aunque podr\u00eda resultar dif\u00edcil explicar los motivos, el aislamiento al que obligaron las medidas sanitarias para evitar una mayor propagaci\u00f3n del virus, podr\u00eda ser un factor, explic\u00f3 el doctor Madhu-kar Trivedi, siquiatra del Centro M\u00e9dico Suroeste de la Universidad de Texas. \u201cHay una idea err\u00f3nea de que si les hablas a los j\u00f3venes de la depresi\u00f3n, se deprimir\u00e1n. Urge salvar vidas\u201d, explic\u00f3 Trivedi.<\/p>\n\n\n\n<p>(Informaci\u00f3n de AP en \u201cLa Jornada\u201d)<\/p>\n","protected":false},"excerpt":{"rendered":"<p>Redacci\u00f3n\/Zona Roja Cdmx. Ciudad de M\u00e9xico, a 16 de junio de 2023.- La tasa de&hellip;<\/p>\n","protected":false},"author":2,"featured_media":19321,"comment_status":"closed","ping_status":"open","sticky":false,"template":"","format":"standard","meta":{"_lmt_disableupdate":"","_lmt_disable":"","_jetpack_memberships_contains_paid_content":false,"footnotes":""},"categories":[109,47],"tags":[],"class_list":["post-56516","post","type-post","status-publish","format-standard","has-post-thumbnail","hentry","category-minuto-a-minuto","category-zona-gris"],"jetpack_featured_media_url":"https:\/\/zonaroja.com.mx\/wp-content\/uploads\/2020\/10\/Suicidio-mujer.jpg","jetpack_sharing_enabled":true,"_links":{"self":[{"href":"https:\/\/zonaroja.com.mx\/index.php?rest_route=\/wp\/v2\/posts\/56516","targetHints":{"allow":["GET"]}}],"collection":[{"href":"https:\/\/zonaroja.com.mx\/index.php?rest_route=\/wp\/v2\/posts"}],"about":[{"href":"https:\/\/zonaroja.com.mx\/index.php?rest_route=\/wp\/v2\/types\/post"}],"author":[{"embeddable":true,"href":"https:\/\/zonaroja.com.mx\/index.php?rest_route=\/wp\/v2\/users\/2"}],"replies":[{"embeddable":true,"href":"https:\/\/zonaroja.com.mx\/index.php?rest_route=%2Fwp%2Fv2%2Fcomments&post=56516"}],"version-history":[{"count":1,"href":"https:\/\/zonaroja.com.mx\/index.php?rest_route=\/wp\/v2\/posts\/56516\/revisions"}],"predecessor-version":[{"id":56517,"href":"https:\/\/zonaroja.com.mx\/index.php?rest_route=\/wp\/v2\/posts\/56516\/revisions\/56517"}],"wp:featuredmedia":[{"embeddable":true,"href":"https:\/\/zonaroja.com.mx\/index.php?rest_route=\/wp\/v2\/media\/19321"}],"wp:attachment":[{"href":"https:\/\/zonaroja.com.mx\/index.php?rest_route=%2Fwp%2Fv2%2Fmedia&parent=56516"}],"wp:term":[{"taxonomy":"category","embeddable":true,"href":"https:\/\/zonaroja.com.mx\/index.php?rest_route=%2Fwp%2Fv2%2Fcategories&post=56516"},{"taxonomy":"post_tag","embeddable":true,"href":"https:\/\/zonaroja.com.mx\/index.php?rest_route=%2Fwp%2Fv2%2Ftags&post=56516"}],"curies":[{"name":"wp","href":"https:\/\/api.w.org\/{rel}","templated":true}]}}