{"id":56518,"date":"2023-06-16T12:23:00","date_gmt":"2023-06-16T17:23:00","guid":{"rendered":"http:\/\/www.zonaroja.com.mx\/?p=56518"},"modified":"2023-06-16T08:24:33","modified_gmt":"2023-06-16T13:24:33","slug":"desestima-juez-de-eu-cargos-contra-regidora-de-tamaulipas-que-llevaba-droga","status":"publish","type":"post","link":"https:\/\/zonaroja.com.mx\/?p=56518","title":{"rendered":"Desestima juez de EU cargos contra regidora de Tamaulipas que llevaba droga"},"content":{"rendered":"\n<p>Redacci\u00f3n\/Zona Roja Cdmx.<\/p>\n\n\n\n<p>Ciudad de M\u00e9xico, a 16 de junio de 2023.- Un juez federal de Estados Unidos decidi\u00f3 desestimar el caso de la regidora de Tamaulipas, Denisse Ahumada, por lo que la mujer ser\u00e1 liberada, seg\u00fan se puede leer en documentos oficiales compartidos durante la tarde del jueves 15 de junio.<\/p>\n\n\n\n<p>En un archivo del Tribunal de Distrito del Distrito Sur de Texas (EEUU) se pudo leer que durante el jueves 15 de junio se lev\u00f3 a cabo una audiencia por la detenci\u00f3n preliminar de la mujer, pero que luego de escuchar los testimonios y argumentos se determin\u00f3 que las autoridades no cumplieron con su labor de establecer la causa probable que la acusada cometi\u00f3 el delito.<\/p>\n\n\n\n<p>\u201cSe ordena que se desestime sin perjuicio la denuncia en este asunto. Se ordena adem\u00e1s que la acusada sea absuelta de ser retenida en este asunto\u201d, establece el documento que fue compartido en redes sociales por diversos reporteros.<\/p>\n\n\n\n<p>Cabe recordar que Ahumada, identificada como regidora de Tamaulipas por el Partido Acci\u00f3n Nacional (PAN) y fue detenida en Texas el pasado 10 de junio debido a que en el veh\u00edculo que manejaba -un Mazda SUV-, agentes de la Patrulla Fronteriza le encontraron aproximadamente 42 kilogramos de coca\u00edna luego de que la unidad fue revisada con rayos X.<\/p>\n\n\n\n<p>Mientras que el documento en donde se determina la liberaci\u00f3n de Denisse Ahumada fue firmado por Juan F. Alanis, Juez de los Estados Unidos, seg\u00fan se puede ver en el caso 7:23-mj-1070-1.<\/p>\n\n\n\n<p>HABR\u00cdA SIDO AMENAZADA<\/p>\n\n\n\n<p>Sin embargo, los fiscales de EEUU todav\u00eda podr\u00edan presentar una acusaci\u00f3n nueva en contra de la mujer. Por su parte la periodista Lupita Ju\u00e1rez indic\u00f3 que la regidora habr\u00eda declarado que un numero de tel\u00e9fono desconocido la contact\u00f3 y que bajo amenazas le habr\u00eda ordenado manejar el veh\u00edculo, lo anterior seg\u00fan informaci\u00f3n del reportero Dave Hendricks.<\/p>\n\n\n\n<p>Cuando se dio a conocer la detenci\u00f3n de Denisse Ahumada el PAN asegur\u00f3 que no es una miembro militante del partido pol\u00edtico. \u201cAcci\u00f3n Nacional informa que la regidora por Reynosa, Denisse Ahumada Mart\u00ednez, no es miembro ni militante de Acci\u00f3n Nacional\u201d, fue el mensaje de la organizaci\u00f3n en Tamaulipas tras el arresto de Ahumada.<\/p>\n\n\n\n<p>\u201cSiempre hemos sido un partido de puertas abiertas &#8230; Reprobamos las conductas como esa y pues al final de cuentas no queda m\u00e1s que esperar que las autoridades hagan lo competente&#8230; Nunca fue adherida a Acci\u00f3n Nacional, fue un acuerdo pol\u00edtico en el que ella se sal\u00eda del Verde\u201d, fueron parte de las declaraciones de Luis Ren\u00e9 Cant\u00fa Galv\u00e1n al ser cuestionado, tras darse a conocer la detenci\u00f3n de Ahumada.<\/p>\n\n\n\n<p>Por su parte, durante la conferencia matutina del presidente Andr\u00e9s Manuel L\u00f3pez Obrador (AMLO) del jueves 15 de junio, el mandatario se refiri\u00f3 al caso y expuso material audiovisual del momento en que el presidente del PAN en Tamaulipas, Luis Cant\u00fa, le daba la bienvenida a Ahumada.<\/p>\n\n\n\n<p>\u00bfQUI\u00c9N ES?<\/p>\n\n\n\n<p>Documentos oficiales del Ayuntamiento de Reynosa indican que Denisse Ahumada cuenta con una carrera en Relacionases Internacionales y en su formaci\u00f3n aparecen tres trabajos en empresas privadas. Lleg\u00f3 a ser regidora de Reynosa con el Partido Verde Ecologista de M\u00e9xico, pero en el a\u00f1o 2021 lleg\u00f3 a \u201cacuerdos pol\u00edticos\u201d y pas\u00f3 al PAN.<\/p>\n\n\n\n<p>La mujer tiene 24 a\u00f1os de edad, seg\u00fan refieren medios locales. Trabaj\u00f3 como supervisora de compras en la empresa CNN Manufacturing&nbsp;en el periodos de agosto de 2014 hasta abril de 2015. Tambi\u00e9n labor\u00f3 como jefa de departamento de servicio a ventas en una purificadora de agua conocida como \u201cBlanquita\u201d.<\/p>\n\n\n\n<p>Mientras que en el periodo de 2015 a 2021 fue coordinadora de operaciones de importaci\u00f3n y exportaci\u00f3n virtuales para la empresa O\u00f1ate Willy y Cia, seg\u00fan se puede ver en los registros oficiales.<\/p>\n\n\n\n<p>(Informaci\u00f3n de Infobae M\u00e9xico)<\/p>\n","protected":false},"excerpt":{"rendered":"<p>Redacci\u00f3n\/Zona Roja Cdmx. Ciudad de M\u00e9xico, a 16 de junio de 2023.- Un juez federal&hellip;<\/p>\n","protected":false},"author":2,"featured_media":56425,"comment_status":"closed","ping_status":"open","sticky":false,"template":"","format":"standard","meta":{"_lmt_disableupdate":"","_lmt_disable":"","_jetpack_memberships_contains_paid_content":false,"footnotes":""},"categories":[109,47],"tags":[3581],"class_list":["post-56518","post","type-post","status-publish","format-standard","has-post-thumbnail","hentry","category-minuto-a-minuto","category-zona-gris","tag-denisse-ahumada-martinez"],"jetpack_featured_media_url":"https:\/\/zonaroja.com.mx\/wp-content\/uploads\/2023\/06\/Denisse-Ahumada-Reynosa.jpeg","jetpack_sharing_enabled":true,"_links":{"self":[{"href":"https:\/\/zonaroja.com.mx\/index.php?rest_route=\/wp\/v2\/posts\/56518","targetHints":{"allow":["GET"]}}],"collection":[{"href":"https:\/\/zonaroja.com.mx\/index.php?rest_route=\/wp\/v2\/posts"}],"about":[{"href":"https:\/\/zonaroja.com.mx\/index.php?rest_route=\/wp\/v2\/types\/post"}],"author":[{"embeddable":true,"href":"https:\/\/zonaroja.com.mx\/index.php?rest_route=\/wp\/v2\/users\/2"}],"replies":[{"embeddable":true,"href":"https:\/\/zonaroja.com.mx\/index.php?rest_route=%2Fwp%2Fv2%2Fcomments&post=56518"}],"version-history":[{"count":1,"href":"https:\/\/zonaroja.com.mx\/index.php?rest_route=\/wp\/v2\/posts\/56518\/revisions"}],"predecessor-version":[{"id":56519,"href":"https:\/\/zonaroja.com.mx\/index.php?rest_route=\/wp\/v2\/posts\/56518\/revisions\/56519"}],"wp:featuredmedia":[{"embeddable":true,"href":"https:\/\/zonaroja.com.mx\/index.php?rest_route=\/wp\/v2\/media\/56425"}],"wp:attachment":[{"href":"https:\/\/zonaroja.com.mx\/index.php?rest_route=%2Fwp%2Fv2%2Fmedia&parent=56518"}],"wp:term":[{"taxonomy":"category","embeddable":true,"href":"https:\/\/zonaroja.com.mx\/index.php?rest_route=%2Fwp%2Fv2%2Fcategories&post=56518"},{"taxonomy":"post_tag","embeddable":true,"href":"https:\/\/zonaroja.com.mx\/index.php?rest_route=%2Fwp%2Fv2%2Ftags&post=56518"}],"curies":[{"name":"wp","href":"https:\/\/api.w.org\/{rel}","templated":true}]}}