{"id":56524,"date":"2023-06-16T16:31:13","date_gmt":"2023-06-16T21:31:13","guid":{"rendered":"http:\/\/www.zonaroja.com.mx\/?p=56524"},"modified":"2023-06-16T16:31:15","modified_gmt":"2023-06-16T21:31:15","slug":"denuncian-a-edil-de-zaachila-de-probable-desvio-de-recursos-y-por-abandonar-a-policias","status":"publish","type":"post","link":"https:\/\/zonaroja.com.mx\/?p=56524","title":{"rendered":"Denuncian a edil de Zaachila de probable desv\u00edo de recursos y por abandonar a polic\u00edas"},"content":{"rendered":"\n<p>Yuridiana Sosa\/Zona Roja.<\/p>\n\n\n\n<p>Oaxaca de Ju\u00e1rez, Oax., a 16 de junio de 2023.- Las denuncias contra el edil morenista de Villa de Zaachila, Rigoberto Chac\u00f3n, ante su mal desempe\u00f1o, van en aumento, desde los propios integrantes del Cabildo y trabajadores del ayuntamiento.<\/p>\n\n\n\n<p>Elementos de la Polic\u00eda Municipal y Vial de dicho municipio, de la regi\u00f3n de Valles Centrales, se manifestaron ante la omisi\u00f3n del presidente municipal a atender sus demandas relacionadas a mejorar las condiciones laborales.<\/p>\n\n\n\n<p>Los uniformados realizaron un paro parcial frente al Palacio Municipal, en el que exhibieron el estado deplorable en que se encuentran sus uniformes, chalecos antibalas y herramientas de trabajo, as\u00ed como el vencimiento de la vida \u00fatil de las patrullas.<\/p>\n\n\n\n<p>Fredy Garcia Nava, portavoz de los afectados, se\u00f1al\u00f3 que desde hace un a\u00f1o han requerido mediante oficios una reuni\u00f3n con el edil, pero no existe ning\u00fan tipo de respuesta, situaci\u00f3n que oblig\u00f3 a las corporaciones a protestar.<\/p>\n\n\n\n<p>Sin una atenci\u00f3n directa, los polic\u00edas conocen que la justificaci\u00f3n del edil para ignorarlos es la falta de presupuesto para sus demandas, sin embargo, como polic\u00edas y como ciudadanos no ven ning\u00fan tipo de inversi\u00f3n en obras en el municipio, mientras que el a\u00f1o pasado les entregaron uniformes de baja calidad que ya no les son \u00fatiles.<\/p>\n\n\n\n<p>Son unos 80 elementos afectados en total, quienes cuentan con s\u00f3lo cuatro unidades para patrullar.<\/p>\n\n\n\n<p>Aclararon que, para no afectar a la poblaci\u00f3n, y mantener su actividad de protesta, limitaron su actividad a atender s\u00f3lo los llamados de emergencia.<\/p>\n\n\n\n<p>VIOLENCIA Y PROBABLE DESV\u00cdO<\/p>\n\n\n\n<p>Recientemente, la S\u00edndica Municipal de Zaachila, Isabel M\u00e9ndez Javier, denunci\u00f3 al edil Rigoberto Chac\u00f3n de cometer violencia pol\u00edtica en su contra por exigir la aclaraci\u00f3n de los recursos aplicados en el ejercicio fiscal 2022.<\/p>\n\n\n\n<p>A trav\u00e9s de un video, la funcionaria denunci\u00f3 que ha requerido al presidente y a la tesorera, Yesenia Rodr\u00edguez Le\u00f3n, un informe detallado del 2022, as\u00ed como ha solicitado una sesi\u00f3n de cabildo para que se aclare la situaci\u00f3n fiscal.<\/p>\n\n\n\n<p>La s\u00edndica refiri\u00f3 de la probable irregularidad en el manejo de los recursos debido a que a ella no le hicieron de conocimiento de diversos actos.<\/p>\n\n\n\n<p>La exigencia, agreg\u00f3, le ha generado ser v\u00edctima de violencias, siendo acosada y hostigada laboral y personalmente. <\/p>\n\n\n\n<figure class=\"wp-block-embed\"><div class=\"wp-block-embed__wrapper\">\n<div class=\"twitter-tweet\"><blockquote class=\"twitter-tweet\" data-lang=\"es\"><p lang=\"es\" dir=\"ltr\">Escala la crisis en la Villa de Zaachila, ante el abandono del edil morenista <a href=\"https:\/\/twitter.com\/Dr_RigoChacon?ref_src=twsrc%5Etfw\">@Dr_RigoChacon<\/a>.<br>A la creciente inconformidad de regidores y la ola de inseguridad, se suma el paro de polic\u00edas, que exigen equipos, uniformes y mejores salarios. <br>Video: Cortes\u00eda. <a href=\"https:\/\/t.co\/yEmYaRYK0u\">pic.twitter.com\/yEmYaRYK0u<\/a><\/p>&mdash; Zona Roja Oaxaca (@ZonaRoja_Oaxaca) <a href=\"https:\/\/twitter.com\/ZonaRoja_Oaxaca\/status\/1669739526137212930?ref_src=twsrc%5Etfw\">16 de junio de 2023<\/a><\/blockquote><\/div>\n<\/div><\/figure>\n\n\n\n<p>&nbsp;<\/p>\n","protected":false},"excerpt":{"rendered":"<p>Yuridiana Sosa\/Zona Roja. Oaxaca de Ju\u00e1rez, Oax., a 16 de junio de 2023.- Las denuncias&hellip;<\/p>\n","protected":false},"author":2,"featured_media":56523,"comment_status":"closed","ping_status":"open","sticky":false,"template":"","format":"standard","meta":{"_lmt_disableupdate":"","_lmt_disable":"","_jetpack_memberships_contains_paid_content":false,"footnotes":""},"categories":[109,47],"tags":[],"class_list":["post-56524","post","type-post","status-publish","format-standard","has-post-thumbnail","hentry","category-minuto-a-minuto","category-zona-gris"],"jetpack_featured_media_url":"https:\/\/zonaroja.com.mx\/wp-content\/uploads\/2023\/06\/d8bc06af-d0f1-41ba-8179-a95a44e6b8d1.jpg","jetpack_sharing_enabled":true,"_links":{"self":[{"href":"https:\/\/zonaroja.com.mx\/index.php?rest_route=\/wp\/v2\/posts\/56524","targetHints":{"allow":["GET"]}}],"collection":[{"href":"https:\/\/zonaroja.com.mx\/index.php?rest_route=\/wp\/v2\/posts"}],"about":[{"href":"https:\/\/zonaroja.com.mx\/index.php?rest_route=\/wp\/v2\/types\/post"}],"author":[{"embeddable":true,"href":"https:\/\/zonaroja.com.mx\/index.php?rest_route=\/wp\/v2\/users\/2"}],"replies":[{"embeddable":true,"href":"https:\/\/zonaroja.com.mx\/index.php?rest_route=%2Fwp%2Fv2%2Fcomments&post=56524"}],"version-history":[{"count":1,"href":"https:\/\/zonaroja.com.mx\/index.php?rest_route=\/wp\/v2\/posts\/56524\/revisions"}],"predecessor-version":[{"id":56525,"href":"https:\/\/zonaroja.com.mx\/index.php?rest_route=\/wp\/v2\/posts\/56524\/revisions\/56525"}],"wp:featuredmedia":[{"embeddable":true,"href":"https:\/\/zonaroja.com.mx\/index.php?rest_route=\/wp\/v2\/media\/56523"}],"wp:attachment":[{"href":"https:\/\/zonaroja.com.mx\/index.php?rest_route=%2Fwp%2Fv2%2Fmedia&parent=56524"}],"wp:term":[{"taxonomy":"category","embeddable":true,"href":"https:\/\/zonaroja.com.mx\/index.php?rest_route=%2Fwp%2Fv2%2Fcategories&post=56524"},{"taxonomy":"post_tag","embeddable":true,"href":"https:\/\/zonaroja.com.mx\/index.php?rest_route=%2Fwp%2Fv2%2Ftags&post=56524"}],"curies":[{"name":"wp","href":"https:\/\/api.w.org\/{rel}","templated":true}]}}