{"id":56526,"date":"2023-06-16T19:11:35","date_gmt":"2023-06-17T00:11:35","guid":{"rendered":"http:\/\/www.zonaroja.com.mx\/?p=56526"},"modified":"2023-06-16T19:11:38","modified_gmt":"2023-06-17T00:11:38","slug":"crimenes-cada-vez-mas-atroces-en-oaxaca-matan-a-balazos-nino-tambien-a-dos-adultos","status":"publish","type":"post","link":"https:\/\/zonaroja.com.mx\/?p=56526","title":{"rendered":"Cr\u00edmenes cada vez m\u00e1s atroces en Oaxaca: matan a balazos ni\u00f1o; tambi\u00e9n a dos  adultos"},"content":{"rendered":"\n<p>Ismael Garc\u00eda M.\/Zona Roja.<\/p>\n\n\n\n<p>Oaxaca de Ju\u00e1rez, Oax., a 16 de junio de 2023.- Adem\u00e1s de cotidianos, los cr\u00edmenes en Oaxaca sin cada vez m\u00e1s atroces.<\/p>\n\n\n\n<p>Un menor de cuatro a\u00f1os de edad fue asesinado por disparos de arma de fuego en Santiago Jamiltepec, municipio de la regi\u00f3n de la Costa.<\/p>\n\n\n\n<p>El hecho ocurri\u00f3 la tarde-noche del jueves, en que el se\u00f1or Danilo H. V. laboraba en su local de halconer\u00eda, cuando sujetos armados llegaron a atacarlo; el hombre result\u00f3 herido y fue llevado a un hospital de Jamiltepec.<\/p>\n\n\n\n<p>En tanto que el menor de edad muri\u00f3 al instante, debido al impacto de bala que recibi\u00f3 en el pecho; fue identificado como T. Dilan L. H., de cuatro a\u00f1os de edad.<\/p>\n\n\n\n<p>OTROS EJECUTADOS<\/p>\n\n\n\n<p>Por otra parte, en San Gabriel Mixtepec fue ultimado a balazos un individuo y su cuerpo fue tirado a un costado de la carretera; presenta huellas de tortura, estaba maniatado y ten\u00eda una bolsa en la cabeza.<\/p>\n\n\n\n<p>El hallazgo ocurri\u00f3 este viernes en inmediaciones de la v\u00eda federal 131 que comunica a la Costa con los Valles Centrales de Oaxaca; el hombre presuntamente era originario de la Ca\u00f1ada de los Matus, del municipio de Santos Reyes Nopala y hasta el momento no ha sido identificado.<\/p>\n\n\n\n<p>Otra persona, \u00e9sta de la tercera edad, fue ejecutada en el municipio de San Juan Bautista Cuicatl\u00e1n, en la regi\u00f3n Ca\u00f1ada de Flores Mag\u00f3n del estado.<\/p>\n\n\n\n<p>Fue anoche en que descubrieron el cuerpo a un costado de la carretera de acceso a Santiago Nacaltepec, junto a un coche tipo Tsuru, marca Nissan; fue identificado como Jes\u00fas A. L., ten\u00eda  un tiro de gracia en la cabeza y al parecer era vecino y originario de Cuicatl\u00e1n. <\/p>\n","protected":false},"excerpt":{"rendered":"<p>Ismael Garc\u00eda M.\/Zona Roja. Oaxaca de Ju\u00e1rez, Oax., a 16 de junio de 2023.- Adem\u00e1s&hellip;<\/p>\n","protected":false},"author":2,"featured_media":56527,"comment_status":"closed","ping_status":"open","sticky":false,"template":"","format":"standard","meta":{"_lmt_disableupdate":"","_lmt_disable":"","_jetpack_memberships_contains_paid_content":false,"footnotes":""},"categories":[109,51],"tags":[797],"class_list":["post-56526","post","type-post","status-publish","format-standard","has-post-thumbnail","hentry","category-minuto-a-minuto","category-zona-roja","tag-santiago-jamiltepec"],"jetpack_featured_media_url":"https:\/\/zonaroja.com.mx\/wp-content\/uploads\/2023\/06\/Asesinato-de-menor-de-edad-crimen-escena.jpeg","jetpack_sharing_enabled":true,"_links":{"self":[{"href":"https:\/\/zonaroja.com.mx\/index.php?rest_route=\/wp\/v2\/posts\/56526","targetHints":{"allow":["GET"]}}],"collection":[{"href":"https:\/\/zonaroja.com.mx\/index.php?rest_route=\/wp\/v2\/posts"}],"about":[{"href":"https:\/\/zonaroja.com.mx\/index.php?rest_route=\/wp\/v2\/types\/post"}],"author":[{"embeddable":true,"href":"https:\/\/zonaroja.com.mx\/index.php?rest_route=\/wp\/v2\/users\/2"}],"replies":[{"embeddable":true,"href":"https:\/\/zonaroja.com.mx\/index.php?rest_route=%2Fwp%2Fv2%2Fcomments&post=56526"}],"version-history":[{"count":1,"href":"https:\/\/zonaroja.com.mx\/index.php?rest_route=\/wp\/v2\/posts\/56526\/revisions"}],"predecessor-version":[{"id":56528,"href":"https:\/\/zonaroja.com.mx\/index.php?rest_route=\/wp\/v2\/posts\/56526\/revisions\/56528"}],"wp:featuredmedia":[{"embeddable":true,"href":"https:\/\/zonaroja.com.mx\/index.php?rest_route=\/wp\/v2\/media\/56527"}],"wp:attachment":[{"href":"https:\/\/zonaroja.com.mx\/index.php?rest_route=%2Fwp%2Fv2%2Fmedia&parent=56526"}],"wp:term":[{"taxonomy":"category","embeddable":true,"href":"https:\/\/zonaroja.com.mx\/index.php?rest_route=%2Fwp%2Fv2%2Fcategories&post=56526"},{"taxonomy":"post_tag","embeddable":true,"href":"https:\/\/zonaroja.com.mx\/index.php?rest_route=%2Fwp%2Fv2%2Ftags&post=56526"}],"curies":[{"name":"wp","href":"https:\/\/api.w.org\/{rel}","templated":true}]}}