{"id":56529,"date":"2023-06-16T19:39:06","date_gmt":"2023-06-17T00:39:06","guid":{"rendered":"http:\/\/www.zonaroja.com.mx\/?p=56529"},"modified":"2023-06-16T19:39:10","modified_gmt":"2023-06-17T00:39:10","slug":"otra-vez-neri-atenta-contra-el-comercio-establecido-en-la-capital-ahora-son-mercaderes","status":"publish","type":"post","link":"https:\/\/zonaroja.com.mx\/?p=56529","title":{"rendered":"Otra vez, Neri atenta contra el comercio establecido en la capital; ahora son mercaderes"},"content":{"rendered":"\n<p>Yuridiana Sosa\/Zona Roja.<\/p>\n\n\n\n<p>Oaxaca de Ju\u00e1rez, Oax., a 16 de junio de 2023.- Desde hace una semana, el gobierno de Francisco Mart\u00ednez Neri enfrenta una serie de protestas de comerciantes establecidos de la capital, por las aprobaciones que ha realizado en contra de este gremio con la suspensi\u00f3n de licencias, preferencia a vendedores en v\u00eda p\u00fablica y ahora con apertura de tiendas de cadena nacional.<\/p>\n\n\n\n<p>Locatarios del mercado \u201cHidalgo\u201d de la colonia Reforma, se manifestaron hoy contra la construcci\u00f3n y pr\u00f3xima apertura de una tienda \u201cNeto\u201d a unos metros de esta plaza, lo cual va contra el reglamento municipal.<\/p>\n\n\n\n<p>Las representantes de los afectados, Laura Bracamontes y Marcela Hern\u00e1ndez, se\u00f1alaron que las mismas autoridades municipales les dieron a conocer que la empresa nacional no cuenta con los permisos de construcci\u00f3n ni comerciales para su operaci\u00f3n.<\/p>\n\n\n\n<p>Sin embargo, la obra que se encuentra en avanzado estado contin\u00faa, por lo que esperan que en la reuni\u00f3n programada para el pr\u00f3ximo lunes el ayuntamiento ofrezca soluci\u00f3n a su demanda y constate que no hay permisos para que se pueda proceder a la suspensi\u00f3n de la obra.<\/p>\n\n\n\n<p>Los comerciantes destacaron que una tienda de este tipo representa graves afectaciones en sus ventas, pues el mercado cuenta con peque\u00f1as tiendas de abarrotes, adem\u00e1s de otras que expenden productos que en las tiendas \u201cNeto\u201d encuentran.<\/p>\n\n\n\n<figure class=\"wp-block-embed is-type-rich is-provider-twitter wp-block-embed-twitter\"><div class=\"wp-block-embed__wrapper\">\n<div class=\"twitter-tweet\"><blockquote class=\"twitter-tweet\" data-lang=\"es\"><p lang=\"es\" dir=\"ltr\">Otra de <a href=\"https:\/\/twitter.com\/FMartinezNeri?ref_src=twsrc%5Etfw\">@FMartinezNeri<\/a> contra el comercio oaxaque\u00f1o formal:<br>Locatarios del mercado \u201cHidalgo\u201d de la colonia Reforma, denuncian la apertura de una tienda \u201cNeto\u201d, cadena de <a href=\"https:\/\/twitter.com\/RicardoBSalinas?ref_src=twsrc%5Etfw\">@RicardoBSalinas<\/a>, en las inmediaciones, pese a que el reglamento municipal lo proh\u00edbe; exigen su cancelaci\u00f3n. <a href=\"https:\/\/t.co\/ncWMiBcSCq\">pic.twitter.com\/ncWMiBcSCq<\/a><\/p>&mdash; Zona Roja Oaxaca (@ZonaRoja_Oaxaca) <a href=\"https:\/\/twitter.com\/ZonaRoja_Oaxaca\/status\/1669757214825885713?ref_src=twsrc%5Etfw\">16 de junio de 2023<\/a><\/blockquote><\/div>\n<\/div><\/figure>\n\n\n\n<p>OMISIONES<\/p>\n\n\n\n<p>De acuerdo con la Federaci\u00f3n de Mercados, las estad\u00edsticas muestran que por cada tienda Oxxo que se abre, al menos 100 tienditas de la esquina se ven afectadas.<\/p>\n\n\n\n<p>Ante estas cifras, los locatarios temen que la vida del mercado est\u00e9 riesgo, pues la situaci\u00f3n de ese centro comercial popular se agrava debido a que no s\u00f3lo contar\u00edan con una tienda \u201cNeto\u201d a menos de 25 metros, tambi\u00e9n ya cuentan con una tienda \u201cOxxo\u201d a cuadra y media al suroeste, con una tienda de abarrotes \u201cPitic\u00f3\u201d a cuadra y media al noroeste y a dos cuadras con una farmacia \u201cGuadalajara\u201d.<\/p>\n\n\n\n<p>Los negocios mencionados operaron por omisi\u00f3n de las autoridades municipales y anteriores comit\u00e9s de mercados, pues el reglamento de mercados es claro al referir que no debe de existir una tienda mayorista a menos de 500 metros.<\/p>\n\n\n\n<p>Por lo que esta vez los locatarios buscan que se haga valer la ley en protecci\u00f3n al patrimonio de los oaxaque\u00f1os, pues del mercado \u201cHidalgo\u201d dependen m\u00e1s de 80 locatarios y se generan hasta 200 empleos.<\/p>\n\n\n\n<p>OTROS PROBLEMAS<\/p>\n\n\n\n<p>La C\u00e1mara Nacional de Comercio en Peque\u00f1o (Canacope) se manifest\u00f3 la semana pasada y ayer contra la aprobaci\u00f3n del Cabildo de Oaxaca de Ju\u00e1rez de suspender por seis meses la entrega de licencias para comercios con venta de bebidas alcoh\u00f3licas, lo que motiv\u00f3 a la asociaci\u00f3n a presentar un amparo judicial.<\/p>\n\n\n\n<p>Esta semana lo hicieron en dos ocasiones comerciantes establecidos y vecinos del Centro Hist\u00f3rico por la aprobaci\u00f3n del gobierno de Neri para la instalaci\u00f3n de 303 puestos en v\u00eda p\u00fablica en lugares prohibidos para las fiestas de Guelaguetza.&nbsp;<\/p>\n","protected":false},"excerpt":{"rendered":"<p>Yuridiana Sosa\/Zona Roja. Oaxaca de Ju\u00e1rez, Oax., a 16 de junio de 2023.- Desde hace&hellip;<\/p>\n","protected":false},"author":2,"featured_media":56531,"comment_status":"closed","ping_status":"open","sticky":false,"template":"","format":"standard","meta":{"_lmt_disableupdate":"","_lmt_disable":"","_jetpack_memberships_contains_paid_content":false,"footnotes":""},"categories":[109,47],"tags":[2418,148],"class_list":["post-56529","post","type-post","status-publish","format-standard","has-post-thumbnail","hentry","category-minuto-a-minuto","category-zona-gris","tag-francisco-martinez-neri","tag-oaxaca-de-juarez"],"jetpack_featured_media_url":"https:\/\/zonaroja.com.mx\/wp-content\/uploads\/2023\/06\/Protesta-mercado-Hidalgo-Oaxaca.jpg","jetpack_sharing_enabled":true,"_links":{"self":[{"href":"https:\/\/zonaroja.com.mx\/index.php?rest_route=\/wp\/v2\/posts\/56529","targetHints":{"allow":["GET"]}}],"collection":[{"href":"https:\/\/zonaroja.com.mx\/index.php?rest_route=\/wp\/v2\/posts"}],"about":[{"href":"https:\/\/zonaroja.com.mx\/index.php?rest_route=\/wp\/v2\/types\/post"}],"author":[{"embeddable":true,"href":"https:\/\/zonaroja.com.mx\/index.php?rest_route=\/wp\/v2\/users\/2"}],"replies":[{"embeddable":true,"href":"https:\/\/zonaroja.com.mx\/index.php?rest_route=%2Fwp%2Fv2%2Fcomments&post=56529"}],"version-history":[{"count":1,"href":"https:\/\/zonaroja.com.mx\/index.php?rest_route=\/wp\/v2\/posts\/56529\/revisions"}],"predecessor-version":[{"id":56532,"href":"https:\/\/zonaroja.com.mx\/index.php?rest_route=\/wp\/v2\/posts\/56529\/revisions\/56532"}],"wp:featuredmedia":[{"embeddable":true,"href":"https:\/\/zonaroja.com.mx\/index.php?rest_route=\/wp\/v2\/media\/56531"}],"wp:attachment":[{"href":"https:\/\/zonaroja.com.mx\/index.php?rest_route=%2Fwp%2Fv2%2Fmedia&parent=56529"}],"wp:term":[{"taxonomy":"category","embeddable":true,"href":"https:\/\/zonaroja.com.mx\/index.php?rest_route=%2Fwp%2Fv2%2Fcategories&post=56529"},{"taxonomy":"post_tag","embeddable":true,"href":"https:\/\/zonaroja.com.mx\/index.php?rest_route=%2Fwp%2Fv2%2Ftags&post=56529"}],"curies":[{"name":"wp","href":"https:\/\/api.w.org\/{rel}","templated":true}]}}