{"id":56535,"date":"2023-06-16T22:48:58","date_gmt":"2023-06-17T03:48:58","guid":{"rendered":"http:\/\/www.zonaroja.com.mx\/?p=56535"},"modified":"2023-06-16T22:49:02","modified_gmt":"2023-06-17T03:49:02","slug":"se-agrava-inseguridad-en-mitla-intentan-secuestrar-a-una-joven","status":"publish","type":"post","link":"https:\/\/zonaroja.com.mx\/?p=56535","title":{"rendered":"Se agrava inseguridad en Mitla; intentan secuestrar a una joven"},"content":{"rendered":"\n<p>Redacci\u00f3n\/Zona Roja.<\/p>\n\n\n\n<p>Oaxaca de Ju\u00e1rez, Oax., a 16 de junio de 2023.- Un presunto integrante de la Guardia Nacional y otros sujetos intentaron secuestrar a una joven en la Villa de Mitla, municipio de la regi\u00f3n Valles Centrales de Oaxaca.<\/p>\n\n\n\n<p>Los hechos ocurrieron poco despu\u00e9s del mediod\u00eda, en que los vecinos dieron el grito de alarma y lograron detener a un sujeto, a bordo de un veh\u00edculo, a quien golpearon y pretend\u00edan linchar; al menos dos m\u00e1s lograron darse a la fuga.<\/p>\n\n\n\n<p>El individuo se neg\u00f3 a proporcionar su nombre y sus identificaciones; fue rescatado por elementos de la polic\u00eda municipal y puesto a disposici\u00f3n de la Fiscal\u00eda General del Estado.<\/p>\n\n\n\n<p>La autoridad municipal reconoci\u00f3 la participaci\u00f3n de los pobladores para lograr la detenci\u00f3n de un sujeto; supuestamente implement\u00f3 operativos de b\u00fasqueda para dar con los dem\u00e1s probables plagiarios, pero no pudo dar con ellos.<\/p>\n\n\n\n<p>La poblaci\u00f3n de la Villa de Mitla estuvo a punto de acudir a Tlacolula de Matamoros para sacar de prisi\u00f3n al detenido y lincharlo, por lo cual corporaciones policiacas montaron un operativo.<\/p>\n\n\n\n<p>Los habitantes expresaron que est\u00e1n hartos del incremento de los hechos delictivos en el municipio, mientras el edil Luis Armando Olivera no hace nada para frenar los delitos ni incrementar la seguridad.<\/p>\n","protected":false},"excerpt":{"rendered":"<p>Redacci\u00f3n\/Zona Roja. Oaxaca de Ju\u00e1rez, Oax., a 16 de junio de 2023.- Un presunto integrante&hellip;<\/p>\n","protected":false},"author":2,"featured_media":56536,"comment_status":"closed","ping_status":"open","sticky":false,"template":"","format":"standard","meta":{"_lmt_disableupdate":"","_lmt_disable":"","_jetpack_memberships_contains_paid_content":false,"footnotes":""},"categories":[109,47],"tags":[1127],"class_list":["post-56535","post","type-post","status-publish","format-standard","has-post-thumbnail","hentry","category-minuto-a-minuto","category-zona-gris","tag-san-pablo-villa-de-mitla"],"jetpack_featured_media_url":"https:\/\/zonaroja.com.mx\/wp-content\/uploads\/2023\/06\/Secuestrador-Mitla.jpg","jetpack_sharing_enabled":true,"_links":{"self":[{"href":"https:\/\/zonaroja.com.mx\/index.php?rest_route=\/wp\/v2\/posts\/56535","targetHints":{"allow":["GET"]}}],"collection":[{"href":"https:\/\/zonaroja.com.mx\/index.php?rest_route=\/wp\/v2\/posts"}],"about":[{"href":"https:\/\/zonaroja.com.mx\/index.php?rest_route=\/wp\/v2\/types\/post"}],"author":[{"embeddable":true,"href":"https:\/\/zonaroja.com.mx\/index.php?rest_route=\/wp\/v2\/users\/2"}],"replies":[{"embeddable":true,"href":"https:\/\/zonaroja.com.mx\/index.php?rest_route=%2Fwp%2Fv2%2Fcomments&post=56535"}],"version-history":[{"count":1,"href":"https:\/\/zonaroja.com.mx\/index.php?rest_route=\/wp\/v2\/posts\/56535\/revisions"}],"predecessor-version":[{"id":56537,"href":"https:\/\/zonaroja.com.mx\/index.php?rest_route=\/wp\/v2\/posts\/56535\/revisions\/56537"}],"wp:featuredmedia":[{"embeddable":true,"href":"https:\/\/zonaroja.com.mx\/index.php?rest_route=\/wp\/v2\/media\/56536"}],"wp:attachment":[{"href":"https:\/\/zonaroja.com.mx\/index.php?rest_route=%2Fwp%2Fv2%2Fmedia&parent=56535"}],"wp:term":[{"taxonomy":"category","embeddable":true,"href":"https:\/\/zonaroja.com.mx\/index.php?rest_route=%2Fwp%2Fv2%2Fcategories&post=56535"},{"taxonomy":"post_tag","embeddable":true,"href":"https:\/\/zonaroja.com.mx\/index.php?rest_route=%2Fwp%2Fv2%2Ftags&post=56535"}],"curies":[{"name":"wp","href":"https:\/\/api.w.org\/{rel}","templated":true}]}}