{"id":56539,"date":"2023-06-17T09:59:00","date_gmt":"2023-06-17T14:59:00","guid":{"rendered":"http:\/\/www.zonaroja.com.mx\/?p=56539"},"modified":"2023-06-17T08:08:29","modified_gmt":"2023-06-17T13:08:29","slug":"seis-corcholatas-quieren-sustituir-a-lopez-obrador","status":"publish","type":"post","link":"https:\/\/zonaroja.com.mx\/?p=56539","title":{"rendered":"Seis \u201ccorcholatas\u201d quieren sustituir a L\u00f3pez Obrador"},"content":{"rendered":"\n<p>Redacci\u00f3n\/Zona Roja Cdmx. Imagen: La Raz\u00f3n<\/p>\n\n\n\n<p>Ciudad de M\u00e9xico, a 17 de junio de 2023.- Seis aspirantes a suceder a Andr\u00e9s Manuel L\u00f3pez Obrador, cuatro del Partido Morena, uno del PT y uno del PVEM, se registraron ayer, para iniciar su campa\u00f1a interna el pr\u00f3ximo lunes.<\/p>\n\n\n\n<p>Tres de ellos fueron servidores p\u00fablicos y dejaron sus cargos en v\u00edsperas: Claudia Sheinbaum, jefa de Gobierno de la Ciudad de M\u00e9xico, y quienes fueron secretarios de Relaciones Exteriores, Marcelo Ebrard, y de Gobernaci\u00f3n, Ad\u00e1n Augusto L\u00f3pez, este \u00faltimo que no acudi\u00f3 a su registro.<\/p>\n\n\n\n<p>Tres m\u00e1s son legisladores ya con licencia: los senadores Ricardo Monreal \u00c1vila y Manuel Velasco Coello, y el diputado federal Gerardo Fern\u00e1ndez Noro\u00f1a.<\/p>\n\n\n\n<p>El primero en hacer p\u00fablica y formal sus aspiraciones fue Marcelo Ebrard, quien acudi\u00f3 desde el mi\u00e9rcoles a firmar una carta de compromiso para ser aspirante a coordinar los Comit\u00e9s de Defensa de la Cuarta Transformaci\u00f3n (4T).<\/p>\n\n\n\n<p>Adem\u00e1s, ha entregado un documento con su constancia de renuncia a su cargo p\u00fablico para poder contender en las encuestas de Morena, luego de que dejara la titularidad de la Secretar\u00eda de Relaciones Exteriores (SRE) el lunes, cargo en que lo sustituye Martha B\u00e1rcena.<\/p>\n\n\n\n<p>\u201cYo, Marcelo Luis Ebrard Casaub\u00f3n, manifiesto por este medio mi deseo de participar en la encuesta para la definici\u00f3n de la coordinaci\u00f3n de defensa de la 4T. Entiendo las responsabilidades que derivan de mi aspiraci\u00f3n, manifiesto mi plena adhesi\u00f3n y compromiso con los principios \u00e9ticos fundamentales contenidos en los documentos b\u00e1sicos de Morena. Asumo el compromiso de cumplir con ellos, los fundamentos de nuestro partido\u201d, apunt\u00f3 el ex canciller.<\/p>\n\n\n\n<p>LAS CARGADAS<\/p>\n\n\n\n<p>\u201cEstoy muy contenta, muy entusiasmada, feliz de estar viviendo este proceso hist\u00f3rico al que nos ha dado la oportunidad nuestro partido de participar\u201d, dijo la exmandataria Claudia Sheinbaum frente al presidente de Morena, Mario Delgado.<\/p>\n\n\n\n<p>\u201cEstoy convencida que habr\u00e1 proceso de unidad, que todos estamos a la altura de las circunstancias. Estoy presta para la encuesta, estoy lista para el encuentro con el pueblo de M\u00e9xico\u201d, expuso, al acudir a su registro ayer por la tarde.<\/p>\n\n\n\n<p>Tras pedir licencia, el Congreso local de la capital del pa\u00eds design\u00f3 a Mart\u00ed Batres como encargado de la Jefatura de Gobierno.<\/p>\n\n\n\n<p>Aunque no acudi\u00f3 de forma presencial, Ad\u00e1n Augusto L\u00f3pez Hern\u00e1ndez fue registrado como aspirante al cargo de coordinador nacional de los Comit\u00e9s de Defensa de la Cuarta Transformaci\u00f3n.<\/p>\n\n\n\n<p>Ante la Comisi\u00f3n Nacional de Elecciones de Morena, el exsecretario de Gobernaci\u00f3n fue registrado por Leonel Godoy y Amayrani Pe\u00f1a, a quienes design\u00f3 como sus representantes.<\/p>\n\n\n\n<p>Leonel Godoy explic\u00f3 que la decisi\u00f3n de Augusto L\u00f3pez Hern\u00e1ndez de no acudir es para abonar a la serenidad.<\/p>\n\n\n\n<p>\u00abSimplemente decirles que esta decisi\u00f3n de Ad\u00e1n fue para abonar a que haya m\u00e1s serenidad interna. Sin duda esta movilizaci\u00f3n va a servir para que le demos fuerza al partido\u00bb, plante\u00f3.<\/p>\n\n\n\n<p>El senador con licencia, Ricardo Monreal, firm\u00f3 y ley\u00f3 este viernes una carta compromiso para ser aspirante a coordinar los Comit\u00e9s de Defensa de la Cuarta Transformaci\u00f3n, marco en el que celebr\u00f3 la decisi\u00f3n de Morena de financiar las actividades de los aspirantes, porque ello dijo, evitar\u00e1 el ingreso de dinero il\u00edcito.<\/p>\n\n\n\n<p>Por su parte, durante su registro, Gerardo Fern\u00e1ndez Noro\u00f1a dijo que Morena es el hermano rico y el PT est\u00e1 medio descobijado, pero asegur\u00f3 que este partido tambi\u00e9n le dar\u00e1 5 millones de pesos para que pueda financiar sus actividades como a las \u201ccorcholatas\u201d morenistas.<\/p>\n\n\n\n<p>Aunque dijo que respeta a las otras \u201ccorcholatas\u201d, subray\u00f3 que ser diputado federal no le da la misma plataforma que han tenido sus contrincantes.<\/p>\n\n\n\n<p>En tanto que, acompa\u00f1ado de sus dos hijos, el senador con licencia del PVEM, Manuel Velasco, lleg\u00f3 al Hotel Courdyard para registrarse como aspirante a la candidatura presidencial de Morena.<\/p>\n\n\n\n<p>MARCAJE DEL INE<\/p>\n\n\n\n<p>En tanto que, por unanimidad, la Comisi\u00f3n de Quejas y Denuncias del Instituto Nacional Electoral (INE) solicit\u00f3 a las \u201ccorcholatas\u201d ajustar su conducta la ley electoral y a la Constituci\u00f3n, para evitar caer en actos anticipados de precampa\u00f1a rumbo al 2024.<\/p>\n\n\n\n<p>Ello, derivado del registro que inici\u00f3 Morena para definir, v\u00eda encuesta, al coordinador de los Comit\u00e9s de Defensa de la Cuarta Transformaci\u00f3n.<\/p>\n\n\n\n<p>Se trata, dijo la consejera Claudia Zavala, de evitar que se vulnere alg\u00fan principio de equidad y las reglas del juego para los actos de campa\u00f1a al 2024.<\/p>\n\n\n\n<p>La tambi\u00e9n presidenta de la Comisi\u00f3n de Quejas precis\u00f3 que quienes aspiren a obtener dicha coordinaci\u00f3n no deber\u00e1n realizar manifestaciones expl\u00edcitas sobre llamados al voto, en tanto que el partido deber\u00e1 llevar a cabo un registro puntual de los recursos que se utilicen.<\/p>\n\n\n\n<p>Las medidas cautelares en su vertiente de tutela preventiva fueron solicitadas por el PRD y legisladores de la oposici\u00f3n, al acusar que con el argumento de elegir a su \u201ccoordinador de Comit\u00e9s de defensa de la 4T\u201d, Morena inici\u00f3 de manera anticipada las precampa\u00f1as rumbo al 2024.<\/p>\n\n\n\n<p>LOS 5 MDP<\/p>\n\n\n\n<p>Los aspirantes a la coordinaci\u00f3n nacional de los comit\u00e9s de defensa de la Cuarta Transformaci\u00f3n y eventual candidatura presidencial de Morena, recibir\u00e1n cada uno 5 millones de pesos para financiar sus actividades proselitistas.<\/p>\n\n\n\n<p>El dirigente nacional, Mario Delgado, aclar\u00f3 que los recursos ser\u00e1n \u00fanicamente para los cuatro aspirantes que invit\u00f3 su Consejo Nacional. Es decir, Claudia Sheinbaum, Marcelo Ebrard, Ad\u00e1n Augusto L\u00f3pez y Ricardo Monreal.<\/p>\n\n\n\n<p>El dinero deber\u00e1 usarse s\u00f3lo para vi\u00e1ticos y log\u00edstica de eventos, y no podr\u00e1 destinarse a la promoci\u00f3n personal, subray\u00f3 Delgado.<\/p>\n\n\n\n<p>NO LA DEJARON<\/p>\n\n\n\n<p>Yeidckol Polevnsky intent\u00f3 inscribirse esta tarde al proceso morenista, sin embargo, ya no le recibieron documentos.<\/p>\n\n\n\n<p>Polevnsky reproch\u00f3 que en 2017 Mario Delgado pidi\u00f3 estar en la encuesta con Sheinbaum para la jefatura de gobierno y se le dio espacio, y ahora que ella quiere ser aspirante al proceso interno de Morena para 2024, le hayan cerrado las puertas.<\/p>\n\n\n\n<p>La morenista asegur\u00f3 que ante el anuncio de su llegada al hotel donde se llevaron a cabo los protocolos de los aspirantes, la dirigencia nacional de Morena adelant\u00f3 el registro de Sheinbaum.<\/p>\n","protected":false},"excerpt":{"rendered":"<p>Redacci\u00f3n\/Zona Roja Cdmx. Imagen: La Raz\u00f3n Ciudad de M\u00e9xico, a 17 de junio de 2023.-&hellip;<\/p>\n","protected":false},"author":2,"featured_media":56540,"comment_status":"closed","ping_status":"open","sticky":false,"template":"","format":"standard","meta":{"_lmt_disableupdate":"","_lmt_disable":"","_jetpack_memberships_contains_paid_content":false,"footnotes":""},"categories":[109,47],"tags":[582],"class_list":["post-56539","post","type-post","status-publish","format-standard","has-post-thumbnail","hentry","category-minuto-a-minuto","category-zona-gris","tag-partido-morena"],"jetpack_featured_media_url":"https:\/\/zonaroja.com.mx\/wp-content\/uploads\/2023\/06\/Corcholatas-aspirantes-Morena-presidenciales-candidatos.jpeg","jetpack_sharing_enabled":true,"_links":{"self":[{"href":"https:\/\/zonaroja.com.mx\/index.php?rest_route=\/wp\/v2\/posts\/56539","targetHints":{"allow":["GET"]}}],"collection":[{"href":"https:\/\/zonaroja.com.mx\/index.php?rest_route=\/wp\/v2\/posts"}],"about":[{"href":"https:\/\/zonaroja.com.mx\/index.php?rest_route=\/wp\/v2\/types\/post"}],"author":[{"embeddable":true,"href":"https:\/\/zonaroja.com.mx\/index.php?rest_route=\/wp\/v2\/users\/2"}],"replies":[{"embeddable":true,"href":"https:\/\/zonaroja.com.mx\/index.php?rest_route=%2Fwp%2Fv2%2Fcomments&post=56539"}],"version-history":[{"count":2,"href":"https:\/\/zonaroja.com.mx\/index.php?rest_route=\/wp\/v2\/posts\/56539\/revisions"}],"predecessor-version":[{"id":56552,"href":"https:\/\/zonaroja.com.mx\/index.php?rest_route=\/wp\/v2\/posts\/56539\/revisions\/56552"}],"wp:featuredmedia":[{"embeddable":true,"href":"https:\/\/zonaroja.com.mx\/index.php?rest_route=\/wp\/v2\/media\/56540"}],"wp:attachment":[{"href":"https:\/\/zonaroja.com.mx\/index.php?rest_route=%2Fwp%2Fv2%2Fmedia&parent=56539"}],"wp:term":[{"taxonomy":"category","embeddable":true,"href":"https:\/\/zonaroja.com.mx\/index.php?rest_route=%2Fwp%2Fv2%2Fcategories&post=56539"},{"taxonomy":"post_tag","embeddable":true,"href":"https:\/\/zonaroja.com.mx\/index.php?rest_route=%2Fwp%2Fv2%2Ftags&post=56539"}],"curies":[{"name":"wp","href":"https:\/\/api.w.org\/{rel}","templated":true}]}}