{"id":5654,"date":"2019-11-11T21:01:25","date_gmt":"2019-11-12T03:01:25","guid":{"rendered":"http:\/\/www.zonaroja.com.mx\/?p=5654"},"modified":"2019-11-11T21:01:28","modified_gmt":"2019-11-12T03:01:28","slug":"asegura-sct-que-concluira-las-supercarreteras-a-la-costa-y-el-istmo","status":"publish","type":"post","link":"https:\/\/zonaroja.com.mx\/?p=5654","title":{"rendered":"Asegura SCT que concluir\u00e1 las supercarreteras a la Costa y el Istmo"},"content":{"rendered":"\n<p>Redacci\u00f3n\/Zona Roja.<\/p>\n\n\n\n<p>Oaxaca de Ju\u00e1rez, 11 de noviembre de\n2019.- La Secretar\u00eda de Comunicaciones y Transportes (SCT) asegur\u00f3 hoy que \u201cla\nconclusi\u00f3n de obras en proceso es uno de los objetivos fundamentales\u201d, en\nreferencia a las supercarreteras a la Costa y al Istmo.<\/p>\n\n\n\n<p>El subsecretario de Infraestructura de\nla dependencia, Cedric Iv\u00e1n Escalante Sauri, estuvo hoy en Oaxaca para\nsupervisar la supercarretera Mitla-Tehuantepec.<\/p>\n\n\n\n<p>Acompa\u00f1ado por el director general del\nCentro SCT Oaxaca, Jos\u00e9 Luis Chida Pardo, destac\u00f3 otras vialidades que se\nencuentran enmarcadas en ese objetivo, como la autopista que va de Oaxaca hacia\nPuerto Escondido.<\/p>\n\n\n\n<p>\u201cEsta infraestructura que estuvo\nabandonada por a\u00f1os, ahora se rescata y se invierte en ella, d\u00e1ndole un\nseguimiento permanente y cumplir con la palabra que empe\u00f1\u00f3 el presidente de la\nRep\u00fablica Andr\u00e9s Manuel L\u00f3pez Obrador, de ponerla en operaci\u00f3n lo m\u00e1s pronto\nposible\u201d, dijo a trav\u00e9s de un comunicado.<\/p>\n\n\n\n<p>La carretera Mitla-Tehuantepec, con una\nlongitud total de 170.96 kil\u00f3metros, se localiza al oriente de la ciudad de\nOaxaca para comunicar con el Istmo de Tehuantepec, y contar\u00e1 con 54 puentes, 11\nviaductos, tres t\u00faneles y siete entronques, y beneficiar\u00e1 a 79 mil 970\nhabitantes de 11 municipios.<\/p>\n\n\n\n<p>Se trata de un Proyecto de Prestaci\u00f3n\nde Servicios (PPS), a trav\u00e9s de una concesi\u00f3n para construir, operar, explotar,\nconservar y mantener, modernizar y ampliar esta carretera de jurisdicci\u00f3n\nfederal. <\/p>\n\n\n\n<p>Est\u00e1 previsto un tr\u00e1nsito promedio\ndiario de tres mil veh\u00edculos con velocidades de 90 a 110 kil\u00f3metros por hora.<\/p>\n","protected":false},"excerpt":{"rendered":"<p>Redacci\u00f3n\/Zona Roja. Oaxaca de Ju\u00e1rez, 11 de noviembre de 2019.- La Secretar\u00eda de Comunicaciones y&hellip;<\/p>\n","protected":false},"author":2,"featured_media":5655,"comment_status":"closed","ping_status":"open","sticky":false,"template":"","format":"standard","meta":{"_lmt_disableupdate":"","_lmt_disable":"","_jetpack_memberships_contains_paid_content":false,"footnotes":""},"categories":[109,46],"tags":[997],"class_list":["post-5654","post","type-post","status-publish","format-standard","has-post-thumbnail","hentry","category-minuto-a-minuto","category-zona-blanca","tag-secretaria-de-comunicaciones-y-transportes-sct"],"jetpack_featured_media_url":"https:\/\/zonaroja.com.mx\/wp-content\/uploads\/2019\/11\/PHOTO-2019-11-11-18-33-20.jpg","jetpack_sharing_enabled":true,"_links":{"self":[{"href":"https:\/\/zonaroja.com.mx\/index.php?rest_route=\/wp\/v2\/posts\/5654","targetHints":{"allow":["GET"]}}],"collection":[{"href":"https:\/\/zonaroja.com.mx\/index.php?rest_route=\/wp\/v2\/posts"}],"about":[{"href":"https:\/\/zonaroja.com.mx\/index.php?rest_route=\/wp\/v2\/types\/post"}],"author":[{"embeddable":true,"href":"https:\/\/zonaroja.com.mx\/index.php?rest_route=\/wp\/v2\/users\/2"}],"replies":[{"embeddable":true,"href":"https:\/\/zonaroja.com.mx\/index.php?rest_route=%2Fwp%2Fv2%2Fcomments&post=5654"}],"version-history":[{"count":1,"href":"https:\/\/zonaroja.com.mx\/index.php?rest_route=\/wp\/v2\/posts\/5654\/revisions"}],"predecessor-version":[{"id":5656,"href":"https:\/\/zonaroja.com.mx\/index.php?rest_route=\/wp\/v2\/posts\/5654\/revisions\/5656"}],"wp:featuredmedia":[{"embeddable":true,"href":"https:\/\/zonaroja.com.mx\/index.php?rest_route=\/wp\/v2\/media\/5655"}],"wp:attachment":[{"href":"https:\/\/zonaroja.com.mx\/index.php?rest_route=%2Fwp%2Fv2%2Fmedia&parent=5654"}],"wp:term":[{"taxonomy":"category","embeddable":true,"href":"https:\/\/zonaroja.com.mx\/index.php?rest_route=%2Fwp%2Fv2%2Fcategories&post=5654"},{"taxonomy":"post_tag","embeddable":true,"href":"https:\/\/zonaroja.com.mx\/index.php?rest_route=%2Fwp%2Fv2%2Ftags&post=5654"}],"curies":[{"name":"wp","href":"https:\/\/api.w.org\/{rel}","templated":true}]}}