{"id":56545,"date":"2023-06-17T10:01:00","date_gmt":"2023-06-17T15:01:00","guid":{"rendered":"http:\/\/www.zonaroja.com.mx\/?p=56545"},"modified":"2023-06-17T08:08:09","modified_gmt":"2023-06-17T13:08:09","slug":"ola-de-calor-seguira-en-mexico-ya-van-ocho-personas-fallecidas","status":"publish","type":"post","link":"https:\/\/zonaroja.com.mx\/?p=56545","title":{"rendered":"Ola de calor seguir\u00e1 en M\u00e9xico; ya van ocho personas fallecidas"},"content":{"rendered":"\n<p>Redacci\u00f3n\/Zona Roja Cdmx.<\/p>\n\n\n\n<p>Ciudad de M\u00e9xico, a 17 de junio de 2023.- La Secretar\u00eda de Salud (Sedesa) confirm\u00f3 ayer que subi\u00f3 a ocho el n\u00famero de v\u00edctimas por la reciente ola de calor que ha azotado a la Rep\u00fablica Mexicana.\u00a0<\/p>\n\n\n\n<p>Hasta el pasado 15 de junio se atendieron 487 casos por afectaciones a la salud por altas temperaturas. No obstante, tambi\u00e9n hubo tres defunciones en Veracruz, dos en Quintana Roo, una en Oaxaca y otra m\u00e1s en Sonora.<\/p>\n\n\n\n<p>Del total de muertes, siete fueron por golpe de calor y la otra por deshidrataci\u00f3n, todos del sexo masculino. Por otro lado, la Secretar\u00eda de Salud report\u00f3 que aumentaron las cifras de las atenci\u00f3n m\u00e9dica por golpes de calor, deshidrataci\u00f3n y quemaduras en la piel.<\/p>\n\n\n\n<p>De acuerdo con sus informes en&nbsp;2022 se registraron 284 atenciones mientras que en el mismo lapso de este 2023 suman 487.&nbsp;<\/p>\n\n\n\n<p>En las \u00faltimas 24 horas, la temperatura m\u00e1xima se registr\u00f3 en Torre\u00f3n, Coahuila, con 42.6 grados cent\u00edgrados. Adem\u00e1s, el grupo et\u00e1reo m\u00e1s afectado por las altas temperaturas es el de 25 a 44 a\u00f1os de edad.<\/p>\n\n\n\n<p>De acuerdo con los registros del C3S, por primera vez las temperaturas globales del aire en superficie han superado el nivel preindustrial en m\u00e1s de 1.5 \u2070C durante este mes.<\/p>\n\n\n\n<p>Por su parte,&nbsp;Investigadores del Instituto de Ciencias de la Atm\u00f3sfera y Cambio Clim\u00e1tico de la UNAM, la ola de calor continuar\u00e1 de 10 a 15 d\u00edas m\u00e1s, para posteriormente esperar un periodo de \u201casueto\u201d y la llegada de una nueva ola.<\/p>\n\n\n\n<p>La cuarta ola de calor en M\u00e9xico fue confirmada por la UNAM a pesar que la tercera a\u00fan no ha terminado en el pa\u00eds. Esto se debe a que la humedad del suelo ha estado disminuyendo, y que ha causado las elevadas temperaturas desde hace unos d\u00edas en este verano.<\/p>\n\n\n\n<p>(Informaci\u00f3n de \u201cLa Cr\u00f3nica de Hoy\u201d)<\/p>\n","protected":false},"excerpt":{"rendered":"<p>Redacci\u00f3n\/Zona Roja Cdmx. Ciudad de M\u00e9xico, a 17 de junio de 2023.- La Secretar\u00eda de&hellip;<\/p>\n","protected":false},"author":2,"featured_media":56472,"comment_status":"closed","ping_status":"open","sticky":false,"template":"","format":"standard","meta":{"_lmt_disableupdate":"","_lmt_disable":"","_jetpack_memberships_contains_paid_content":false,"footnotes":""},"categories":[109,47],"tags":[1643],"class_list":["post-56545","post","type-post","status-publish","format-standard","has-post-thumbnail","hentry","category-minuto-a-minuto","category-zona-gris","tag-onda-de-calor-oaxaca"],"jetpack_featured_media_url":"https:\/\/zonaroja.com.mx\/wp-content\/uploads\/2023\/06\/Onda-de-calor-.jpeg","jetpack_sharing_enabled":true,"_links":{"self":[{"href":"https:\/\/zonaroja.com.mx\/index.php?rest_route=\/wp\/v2\/posts\/56545","targetHints":{"allow":["GET"]}}],"collection":[{"href":"https:\/\/zonaroja.com.mx\/index.php?rest_route=\/wp\/v2\/posts"}],"about":[{"href":"https:\/\/zonaroja.com.mx\/index.php?rest_route=\/wp\/v2\/types\/post"}],"author":[{"embeddable":true,"href":"https:\/\/zonaroja.com.mx\/index.php?rest_route=\/wp\/v2\/users\/2"}],"replies":[{"embeddable":true,"href":"https:\/\/zonaroja.com.mx\/index.php?rest_route=%2Fwp%2Fv2%2Fcomments&post=56545"}],"version-history":[{"count":2,"href":"https:\/\/zonaroja.com.mx\/index.php?rest_route=\/wp\/v2\/posts\/56545\/revisions"}],"predecessor-version":[{"id":56551,"href":"https:\/\/zonaroja.com.mx\/index.php?rest_route=\/wp\/v2\/posts\/56545\/revisions\/56551"}],"wp:featuredmedia":[{"embeddable":true,"href":"https:\/\/zonaroja.com.mx\/index.php?rest_route=\/wp\/v2\/media\/56472"}],"wp:attachment":[{"href":"https:\/\/zonaroja.com.mx\/index.php?rest_route=%2Fwp%2Fv2%2Fmedia&parent=56545"}],"wp:term":[{"taxonomy":"category","embeddable":true,"href":"https:\/\/zonaroja.com.mx\/index.php?rest_route=%2Fwp%2Fv2%2Fcategories&post=56545"},{"taxonomy":"post_tag","embeddable":true,"href":"https:\/\/zonaroja.com.mx\/index.php?rest_route=%2Fwp%2Fv2%2Ftags&post=56545"}],"curies":[{"name":"wp","href":"https:\/\/api.w.org\/{rel}","templated":true}]}}