{"id":56553,"date":"2023-06-17T12:08:00","date_gmt":"2023-06-17T17:08:00","guid":{"rendered":"http:\/\/www.zonaroja.com.mx\/?p=56553"},"modified":"2023-06-17T08:11:18","modified_gmt":"2023-06-17T13:11:18","slug":"dictan-70-anos-de-carcel-a-homicida-de-dos-personas-en-juchitan","status":"publish","type":"post","link":"https:\/\/zonaroja.com.mx\/?p=56553","title":{"rendered":"Dictan 70 a\u00f1os de c\u00e1rcel a homicida de dos personas en Juchit\u00e1n"},"content":{"rendered":"\n<p>Redacci\u00f3n\/Zona Roja.<\/p>\n\n\n\n<p>Oaxaca de Ju\u00e1rez, Oax., a 17 de junio de 2023.- Como resultado del trabajo de investigaci\u00f3n, la Fiscal\u00eda General del Estado de Oaxaca (FGEO) obtuvo una sentencia condenatoria de 70 a\u00f1os de prisi\u00f3n contra una persona del sexo masculino identificada como F. J. J. J o F. J. J. S., responsable del homicidio de dos personas, cometido en la regi\u00f3n del Istmo de Tehuantepec.&nbsp;<\/p>\n\n\n\n<p>De acuerdo con la causa penal, los hechos ocurrieron el 18 de octubre de 2021, cuando F. J. J. J o F. J. J. S., en compa\u00f1\u00eda de otras personas, lleg\u00f3 a un terreno localizado en la colonia 5 de Mayo del municipio de Juchit\u00e1n de Zaragoza, donde se encontraban las v\u00edctimas.<\/p>\n\n\n\n<p>El grupo de agresores dispar\u00f3 contra J. L. R. L. y V. R. H., quienes sufrieron lesiones que les provocaron la muerte.<\/p>\n\n\n\n<p>La Fiscal\u00eda tom\u00f3 conocimiento de los hechos a trav\u00e9s de la Vicefiscal\u00eda Regional del Istmo que realiz\u00f3 las investigaciones que derivaron en la detenci\u00f3n de F. J. J. J o F. J. J. S.<\/p>\n\n\n\n<p>Tras desahogar las pruebas necesarias, el Juez que atiende la causa las evalu\u00f3 y dict\u00f3 sentencia condenatoria de 70 a\u00f1os de prisi\u00f3n en contra de F. J. J. J o F. J. J. S., por el delito de homicidio calificado con ventaja, adem\u00e1s que impuso el pago por m\u00e1s de 890 mil pesos por reparaci\u00f3n del da\u00f1o.<\/p>\n\n\n\n<p>La Fiscal\u00eda de Oaxaca ofrece resultados tangibles en procuraci\u00f3n de justicia para las v\u00edctimas directas e indirectas de delitos de alto impacto que da\u00f1an a las familias y a la sociedad.<\/p>\n\n\n\n<p>VINCULADO A PROCESO<\/p>\n\n\n\n<p>Por otra parte, la Fiscal\u00eda General obtuvo auto de vinculaci\u00f3n a proceso y prisi\u00f3n preventiva en contra de un hombre identificado con las iniciales D. G. A., quien fue imputado por los delitos de Homicidio Calificado y Tentativa de Homicidio, que ocurrieron luego de un incidente de tr\u00e1nsito en la regi\u00f3n de los Valles Centrales.<\/p>\n\n\n\n<p>De acuerdo con el expediente penal, los hechos sucedieron el pasado 6 de junio, cuando las dos v\u00edctimas viajaban a bordo de un veh\u00edculo por calles del municipio de Santa Cruz Xoxocotl\u00e1n, donde tuvieron una confrontaci\u00f3n con ocupantes de otro autom\u00f3vil, quien despu\u00e9s del incidente, los sigui\u00f3.<\/p>\n\n\n\n<p>Cuando las v\u00edctimas se encontraban en la colonia Francisco I. Madero, del mismo municipio, fueron interceptadas por sus agresores quienes dispararon en su contra, ataque por el que C. E. G. M. perdi\u00f3 la vida, mientras que otra persona result\u00f3 lesionada.<\/p>\n\n\n\n<p>Ante los hechos, la Polic\u00eda Municipal de Xoxocotl\u00e1n intervino y logr\u00f3 la detenci\u00f3n del imputado, que qued\u00f3 a disposici\u00f3n de la FGEO.<\/p>\n\n\n\n<p>Las investigaciones correspondientes quedaron a cargo de la Fiscal\u00eda Especializada para la Atenci\u00f3n a Delitos de Alto Impacto que despleg\u00f3 a un equipo multidisciplinario que proces\u00f3 el lugar de los hechos, obteniendo suficientes pruebas que se desahogaron ante el Juez, quien dict\u00f3 auto de vinculaci\u00f3n a proceso en contra de D. G. A., adem\u00e1s que le impuso prisi\u00f3n preventiva por los delitos de homicidio calificado con ventaja y tentativa de homicidio, adem\u00e1s que otorg\u00f3 dos meses para el cierre de la investigaci\u00f3n.<\/p>\n\n\n\n<p>Las investigaciones expeditas a cargo de la Fiscal\u00eda de Oaxaca, permiten tener certeza en los procesos de procuraci\u00f3n de justicia al obtener pruebas s\u00f3lidas en contra de los imputados.<\/p>\n","protected":false},"excerpt":{"rendered":"<p>Redacci\u00f3n\/Zona Roja. Oaxaca de Ju\u00e1rez, Oax., a 17 de junio de 2023.- Como resultado del&hellip;<\/p>\n","protected":false},"author":2,"featured_media":44846,"comment_status":"closed","ping_status":"open","sticky":false,"template":"","format":"standard","meta":{"_lmt_disableupdate":"","_lmt_disable":"","_jetpack_memberships_contains_paid_content":false,"footnotes":""},"categories":[109,47],"tags":[494],"class_list":["post-56553","post","type-post","status-publish","format-standard","has-post-thumbnail","hentry","category-minuto-a-minuto","category-zona-gris","tag-fiscalia-general-del-estado-de-oaxaca"],"jetpack_featured_media_url":"https:\/\/zonaroja.com.mx\/wp-content\/uploads\/2022\/08\/Preso-detenido-carcel-prision.png","jetpack_sharing_enabled":true,"_links":{"self":[{"href":"https:\/\/zonaroja.com.mx\/index.php?rest_route=\/wp\/v2\/posts\/56553","targetHints":{"allow":["GET"]}}],"collection":[{"href":"https:\/\/zonaroja.com.mx\/index.php?rest_route=\/wp\/v2\/posts"}],"about":[{"href":"https:\/\/zonaroja.com.mx\/index.php?rest_route=\/wp\/v2\/types\/post"}],"author":[{"embeddable":true,"href":"https:\/\/zonaroja.com.mx\/index.php?rest_route=\/wp\/v2\/users\/2"}],"replies":[{"embeddable":true,"href":"https:\/\/zonaroja.com.mx\/index.php?rest_route=%2Fwp%2Fv2%2Fcomments&post=56553"}],"version-history":[{"count":1,"href":"https:\/\/zonaroja.com.mx\/index.php?rest_route=\/wp\/v2\/posts\/56553\/revisions"}],"predecessor-version":[{"id":56554,"href":"https:\/\/zonaroja.com.mx\/index.php?rest_route=\/wp\/v2\/posts\/56553\/revisions\/56554"}],"wp:featuredmedia":[{"embeddable":true,"href":"https:\/\/zonaroja.com.mx\/index.php?rest_route=\/wp\/v2\/media\/44846"}],"wp:attachment":[{"href":"https:\/\/zonaroja.com.mx\/index.php?rest_route=%2Fwp%2Fv2%2Fmedia&parent=56553"}],"wp:term":[{"taxonomy":"category","embeddable":true,"href":"https:\/\/zonaroja.com.mx\/index.php?rest_route=%2Fwp%2Fv2%2Fcategories&post=56553"},{"taxonomy":"post_tag","embeddable":true,"href":"https:\/\/zonaroja.com.mx\/index.php?rest_route=%2Fwp%2Fv2%2Ftags&post=56553"}],"curies":[{"name":"wp","href":"https:\/\/api.w.org\/{rel}","templated":true}]}}