{"id":56564,"date":"2023-06-17T11:00:00","date_gmt":"2023-06-17T16:00:00","guid":{"rendered":"http:\/\/www.zonaroja.com.mx\/?p=56564"},"modified":"2023-06-17T08:39:04","modified_gmt":"2023-06-17T13:39:04","slug":"alarmante-ola-de-crimenes-en-oaxaca-nueve-en-48-horas","status":"publish","type":"post","link":"https:\/\/zonaroja.com.mx\/?p=56564","title":{"rendered":"Alarmante ola de cr\u00edmenes en Oaxaca: nueve en 48 horas"},"content":{"rendered":"\n<p>Ismael Garc\u00eda M.\/Zona Roja.<\/p>\n\n\n\n<p>Oaxaca de Ju\u00e1rez, Oax., a 17 de junio de 2023.- En alrededor de 48 horas, al menos nueve personas fueron asesinadas a balazos en Oaxaca, entre ellas dos mujeres y un menor de cuatro a\u00f1os de edad.<\/p>\n\n\n\n<p>Ayer viernes ocurrieron cuatro muertes, una de ellas de una persona que fue ejecutada en jurisdicci\u00f3n de San Gabriel Mixtepec, municipio de la regi\u00f3n Costa.<\/p>\n\n\n\n<p>En la capital de Oaxaca, dos individuos fueron ejecutados con disparos de arma de fuego en su domicilio, en la agencia de San Mart\u00edn Mexic\u00e1pam; hasta el momento no han sido identificados.<\/p>\n\n\n\n<p>Mientras que tambi\u00e9n la ma\u00f1ana de ayer, en un hospital de la ciudad capital muri\u00f3 la segunda mujer que fue baleada la v\u00edspera en camino a Tierra Blanca Copala, Santiago Juxtlahuaca.<\/p>\n\n\n\n<p>El jueves 15 de junio fueron ultimadas cinco personas, entre ellas una mujer en la zona Triqui del estado, durante una emboscada mientras viajaban acompa\u00f1adas de elementos de la Agencia Estatal de Investigaciones (AEI), con rumbo a la comunidad de Tierra Blanca.<\/p>\n\n\n\n<p>En Santiago Jamiltepec, se registr\u00f3 un ataque armado a un taller de halconer\u00eda, donde un adulto result\u00f3 lesionado de gravedad, mientras que un menor de cuatro a\u00f1os de edad, muri\u00f3 a causa de disparos en el pecho.<\/p>\n\n\n\n<p>Otro crimen se registr\u00f3 anteayer en el municipio de San Lorenzo, uno m\u00e1s en M\u00e1rtires de Tacubaya y otro en San Juan Bautista Cuicatl\u00e1n.<\/p>\n","protected":false},"excerpt":{"rendered":"<p>Ismael Garc\u00eda M.\/Zona Roja. Oaxaca de Ju\u00e1rez, Oax., a 17 de junio de 2023.- En&hellip;<\/p>\n","protected":false},"author":2,"featured_media":52455,"comment_status":"closed","ping_status":"open","sticky":false,"template":"","format":"standard","meta":{"_lmt_disableupdate":"","_lmt_disable":"","_jetpack_memberships_contains_paid_content":false,"footnotes":""},"categories":[109,51],"tags":[964],"class_list":["post-56564","post","type-post","status-publish","format-standard","has-post-thumbnail","hentry","category-minuto-a-minuto","category-zona-roja","tag-violencia-oaxaca"],"jetpack_featured_media_url":"https:\/\/zonaroja.com.mx\/wp-content\/uploads\/2023\/03\/Escena-crimen-asesinato-violencia.jpg","jetpack_sharing_enabled":true,"_links":{"self":[{"href":"https:\/\/zonaroja.com.mx\/index.php?rest_route=\/wp\/v2\/posts\/56564","targetHints":{"allow":["GET"]}}],"collection":[{"href":"https:\/\/zonaroja.com.mx\/index.php?rest_route=\/wp\/v2\/posts"}],"about":[{"href":"https:\/\/zonaroja.com.mx\/index.php?rest_route=\/wp\/v2\/types\/post"}],"author":[{"embeddable":true,"href":"https:\/\/zonaroja.com.mx\/index.php?rest_route=\/wp\/v2\/users\/2"}],"replies":[{"embeddable":true,"href":"https:\/\/zonaroja.com.mx\/index.php?rest_route=%2Fwp%2Fv2%2Fcomments&post=56564"}],"version-history":[{"count":1,"href":"https:\/\/zonaroja.com.mx\/index.php?rest_route=\/wp\/v2\/posts\/56564\/revisions"}],"predecessor-version":[{"id":56565,"href":"https:\/\/zonaroja.com.mx\/index.php?rest_route=\/wp\/v2\/posts\/56564\/revisions\/56565"}],"wp:featuredmedia":[{"embeddable":true,"href":"https:\/\/zonaroja.com.mx\/index.php?rest_route=\/wp\/v2\/media\/52455"}],"wp:attachment":[{"href":"https:\/\/zonaroja.com.mx\/index.php?rest_route=%2Fwp%2Fv2%2Fmedia&parent=56564"}],"wp:term":[{"taxonomy":"category","embeddable":true,"href":"https:\/\/zonaroja.com.mx\/index.php?rest_route=%2Fwp%2Fv2%2Fcategories&post=56564"},{"taxonomy":"post_tag","embeddable":true,"href":"https:\/\/zonaroja.com.mx\/index.php?rest_route=%2Fwp%2Fv2%2Ftags&post=56564"}],"curies":[{"name":"wp","href":"https:\/\/api.w.org\/{rel}","templated":true}]}}