{"id":56570,"date":"2023-06-17T16:07:05","date_gmt":"2023-06-17T21:07:05","guid":{"rendered":"http:\/\/www.zonaroja.com.mx\/?p=56570"},"modified":"2023-06-17T16:07:07","modified_gmt":"2023-06-17T21:07:07","slug":"actriz-oaxaquena-angeles-cruz-convirtio-su-homenaje-en-grito-de-justicia-y-paz-para-san-miguel-el-grande","status":"publish","type":"post","link":"https:\/\/zonaroja.com.mx\/?p=56570","title":{"rendered":"Actriz oaxaque\u00f1a \u00c1ngeles Cruz convirti\u00f3 su homenaje en grito de justicia y paz para San Miguel El Grande"},"content":{"rendered":"\n<p>Yuridiana Sosa\/Zona Roja.<\/p>\n\n\n\n<p>Oaxaca de Ju\u00e1rez, Oax., a 17 de junio de 2023.- Desde el homenaje en Oaxaca por su trayectoria, la actriz y cineasta \u00c1ngeles Cruz abri\u00f3 un espacio para exigir justicia por la violencia que prevalece en San Miguel El Grande, derivado de un conflicto agrario que dej\u00f3 como saldo tres personas asesinadas.<\/p>\n\n\n\n<p>La actriz es originaria de la agencia de Villa de Guadalupe Victoria de San Miguel El Grande, localidad donde el pasado 5 de mayo se registr\u00f3 el ataque armado por parte de Llano de Guadalupe, en el que murieron Abd\u00f3n Cruz L\u00f3pez, Odil\u00f3n Cruz Ortiz y Juan Mendoza L\u00f3pez.<\/p>\n\n\n\n<p>Con lonas con cada uno de los nombres de los fallecidos, los habitantes y familiares de las v\u00edctimas se colocaron al frente del pres\u00eddium del acto efectuado ayer en la UABJO  para clamar justicia por sus muertos. <\/p>\n\n\n\n<p>\u00c1ngeles Cruz no es ajena al dolor de sus paisanos, a quienes tambi\u00e9n agradeci\u00f3 su presencia por el apoyo que siempre ha recibido de ellos en su trayectoria y record\u00f3 que su comunidad atraviesa un momento dif\u00edcil.<\/p>\n\n\n\n<p>\u201cLos artistas no salimos de generaciones espont\u00e1neas, sino que venimos acompa\u00f1ados de nuestras comunidades, familias, de la gente que nos rodea. Agradezco a las autoridades de mi comunidad que est\u00e1n presentes, sabemos que atravesamos momentos dif\u00edciles\u201d, se\u00f1al\u00f3 la cineasta.<\/p>\n\n\n\n<p>No dud\u00f3 en dedicar unas palabras a su comunidad, lugar que ocupa como escenario para sus pel\u00edculas. \u201cVengo de una tierra pisoteada, nacer ah\u00ed ya es nacer en otro lado, donde se encuentra la grieta, la herida o puerta para salir\u201d.<\/p>\n\n\n\n<p>La actriz dio oportunidad para que sus paisanos se apoderaran de los micr\u00f3fonos, del espacio y del momento que fue planeado para ella en el antiguo Convento de San Jos\u00e9, de la Facultad de Bellas Artes de la UABJO.<\/p>\n\n\n\n<p>Desde tribuna se alz\u00f3 la voz para clamar justicia \u201cque llegue a los o\u00eddos de las autoridades para que no quede impune la masacre del 5 de mayo\u201d, se escuch\u00f3 al tiempo que en un\u00edsono se exclam\u00f3 justicia.<\/p>\n\n\n\n<p>DESDE SIEMPRE<\/p>\n\n\n\n<p>Durante el ataque armado el 5 de mayo, en el que adem\u00e1s se registr\u00f3 la quema intencionada de viviendas y veh\u00edculos, la cineasta mixteca alz\u00f3 la voz y pidi\u00f3 ayuda para su comunidad.<\/p>\n\n\n\n<p>A trav\u00e9s de sus redes sociales realiz\u00f3 el llamado a las autoridades, primero, para que atendieran la violencia que se registraba, y despu\u00e9s, para demandar la permanencia de la Guardia Nacional en la zona para garantizar la seguridad y evitar m\u00e1s violencia.<\/p>\n\n\n\n<p>Respecto al homenaje de este viernes, la cineasta estuvo presente en la Facultad de Bellas Artes de la UABJO, donde la instituci\u00f3n reconoci\u00f3 su trayectoria y con la que pone en alto el nombre de Oaxaca. <\/p>\n","protected":false},"excerpt":{"rendered":"<p>Yuridiana Sosa\/Zona Roja. Oaxaca de Ju\u00e1rez, Oax., a 17 de junio de 2023.- Desde el&hellip;<\/p>\n","protected":false},"author":2,"featured_media":56568,"comment_status":"closed","ping_status":"open","sticky":false,"template":"","format":"standard","meta":{"_lmt_disableupdate":"","_lmt_disable":"","_jetpack_memberships_contains_paid_content":false,"footnotes":""},"categories":[109,46],"tags":[],"class_list":["post-56570","post","type-post","status-publish","format-standard","has-post-thumbnail","hentry","category-minuto-a-minuto","category-zona-blanca"],"jetpack_featured_media_url":"https:\/\/zonaroja.com.mx\/wp-content\/uploads\/2023\/06\/Angeles-Cruz-protesta-Oaxaca.jpg","jetpack_sharing_enabled":true,"_links":{"self":[{"href":"https:\/\/zonaroja.com.mx\/index.php?rest_route=\/wp\/v2\/posts\/56570","targetHints":{"allow":["GET"]}}],"collection":[{"href":"https:\/\/zonaroja.com.mx\/index.php?rest_route=\/wp\/v2\/posts"}],"about":[{"href":"https:\/\/zonaroja.com.mx\/index.php?rest_route=\/wp\/v2\/types\/post"}],"author":[{"embeddable":true,"href":"https:\/\/zonaroja.com.mx\/index.php?rest_route=\/wp\/v2\/users\/2"}],"replies":[{"embeddable":true,"href":"https:\/\/zonaroja.com.mx\/index.php?rest_route=%2Fwp%2Fv2%2Fcomments&post=56570"}],"version-history":[{"count":1,"href":"https:\/\/zonaroja.com.mx\/index.php?rest_route=\/wp\/v2\/posts\/56570\/revisions"}],"predecessor-version":[{"id":56571,"href":"https:\/\/zonaroja.com.mx\/index.php?rest_route=\/wp\/v2\/posts\/56570\/revisions\/56571"}],"wp:featuredmedia":[{"embeddable":true,"href":"https:\/\/zonaroja.com.mx\/index.php?rest_route=\/wp\/v2\/media\/56568"}],"wp:attachment":[{"href":"https:\/\/zonaroja.com.mx\/index.php?rest_route=%2Fwp%2Fv2%2Fmedia&parent=56570"}],"wp:term":[{"taxonomy":"category","embeddable":true,"href":"https:\/\/zonaroja.com.mx\/index.php?rest_route=%2Fwp%2Fv2%2Fcategories&post=56570"},{"taxonomy":"post_tag","embeddable":true,"href":"https:\/\/zonaroja.com.mx\/index.php?rest_route=%2Fwp%2Fv2%2Ftags&post=56570"}],"curies":[{"name":"wp","href":"https:\/\/api.w.org\/{rel}","templated":true}]}}