{"id":56573,"date":"2023-06-17T18:22:47","date_gmt":"2023-06-17T23:22:47","guid":{"rendered":"http:\/\/www.zonaroja.com.mx\/?p=56573"},"modified":"2023-06-17T22:53:46","modified_gmt":"2023-06-18T03:53:46","slug":"ejecutan-a-joven-en-la-zona-conurbada-de-la-ciudad-de-oaxaca","status":"publish","type":"post","link":"https:\/\/zonaroja.com.mx\/?p=56573","title":{"rendered":"Ejecutan a joven en la zona conurbada de la ciudad de Oaxaca"},"content":{"rendered":"\n<p>Ismael Garc\u00eda M.\/Zona Roja.<\/p>\n\n\n\n<p>Oaxaca de Ju\u00e1rez, Oax., a 17 de junio de 2023.- Un joven fue ejecutado en el interior de un local comercial la madrugada de este s\u00e1bado, en la zona conurbada de la ciudad de Oaxaca.<\/p>\n\n\n\n<p>Sujetos armados arribaron al mini s\u00faper denominado \u201cVaso de Leche\u201d, ubicado en el municipio de San Jacinto Amilpas, y dispararon de manera directa en contra de quienes estaban en el lugar.<\/p>\n\n\n\n<p>En el sitio perdi\u00f3 la vida Alexis \u201cN\u201d, de aproximadamente 26 a\u00f1os de edad; pese a que fue a una cuadra del palacio municipal, y en la colindancia con la capital, ning\u00fan polic\u00eda lleg\u00f3 a tiempo para detener a los agresores. <\/p>\n\n\n\n<p>El joven ultimado con varios dispares de arma de fuego al parecer es hijo del due\u00f1o del mini s\u00faper y las autoridades ministeriales investigan si se trat\u00f3 de un asalto o lo ejecutaron de manera directa. <\/p>\n\n\n\n<p>Peritos e investigadores de la Fiscal\u00eda General del Estado arribaron al sitio para realizar las diligencias correspondientes y hasta la ma\u00f1ana de hoy continuaban sus labores. <\/p>\n","protected":false},"excerpt":{"rendered":"<p>Ismael Garc\u00eda M.\/Zona Roja. Oaxaca de Ju\u00e1rez, Oax., a 17 de junio de 2023.- Un&hellip;<\/p>\n","protected":false},"author":2,"featured_media":56572,"comment_status":"closed","ping_status":"open","sticky":false,"template":"","format":"standard","meta":{"_lmt_disableupdate":"","_lmt_disable":"","_jetpack_memberships_contains_paid_content":false,"footnotes":""},"categories":[109,51],"tags":[],"class_list":["post-56573","post","type-post","status-publish","format-standard","has-post-thumbnail","hentry","category-minuto-a-minuto","category-zona-roja"],"jetpack_featured_media_url":"https:\/\/zonaroja.com.mx\/wp-content\/uploads\/2023\/06\/0fa4770d-1d4f-4f8c-a56c-7b7638dc65b8.jpg","jetpack_sharing_enabled":true,"_links":{"self":[{"href":"https:\/\/zonaroja.com.mx\/index.php?rest_route=\/wp\/v2\/posts\/56573","targetHints":{"allow":["GET"]}}],"collection":[{"href":"https:\/\/zonaroja.com.mx\/index.php?rest_route=\/wp\/v2\/posts"}],"about":[{"href":"https:\/\/zonaroja.com.mx\/index.php?rest_route=\/wp\/v2\/types\/post"}],"author":[{"embeddable":true,"href":"https:\/\/zonaroja.com.mx\/index.php?rest_route=\/wp\/v2\/users\/2"}],"replies":[{"embeddable":true,"href":"https:\/\/zonaroja.com.mx\/index.php?rest_route=%2Fwp%2Fv2%2Fcomments&post=56573"}],"version-history":[{"count":2,"href":"https:\/\/zonaroja.com.mx\/index.php?rest_route=\/wp\/v2\/posts\/56573\/revisions"}],"predecessor-version":[{"id":56575,"href":"https:\/\/zonaroja.com.mx\/index.php?rest_route=\/wp\/v2\/posts\/56573\/revisions\/56575"}],"wp:featuredmedia":[{"embeddable":true,"href":"https:\/\/zonaroja.com.mx\/index.php?rest_route=\/wp\/v2\/media\/56572"}],"wp:attachment":[{"href":"https:\/\/zonaroja.com.mx\/index.php?rest_route=%2Fwp%2Fv2%2Fmedia&parent=56573"}],"wp:term":[{"taxonomy":"category","embeddable":true,"href":"https:\/\/zonaroja.com.mx\/index.php?rest_route=%2Fwp%2Fv2%2Fcategories&post=56573"},{"taxonomy":"post_tag","embeddable":true,"href":"https:\/\/zonaroja.com.mx\/index.php?rest_route=%2Fwp%2Fv2%2Ftags&post=56573"}],"curies":[{"name":"wp","href":"https:\/\/api.w.org\/{rel}","templated":true}]}}