{"id":56580,"date":"2023-06-17T22:54:27","date_gmt":"2023-06-18T03:54:27","guid":{"rendered":"http:\/\/www.zonaroja.com.mx\/?p=56580"},"modified":"2023-06-17T22:54:30","modified_gmt":"2023-06-18T03:54:30","slug":"asesina-a-una-segunda-persona-en-oaxaca-ahora-en-tuxtepec","status":"publish","type":"post","link":"https:\/\/zonaroja.com.mx\/?p=56580","title":{"rendered":"Asesina a una segunda persona en Oaxaca, ahora en Tuxtepec"},"content":{"rendered":"\n<p>Redacci\u00f3n\/Zona Roja.<\/p>\n\n\n\n<p>Oaxaca de Ju\u00e1rez, Oax., a 17 de junio de 2023.- Una segunda persona fue asesinada a balazos este s\u00e1bado, ahora en San Juan Bautista Tuxtepec.<\/p>\n\n\n\n<p>El crimen se registr\u00f3 la tarde de hoy en la agencia La Mina y la v\u00edctima fue identificada como el agente Jorge B. P., quien recibi\u00f3 varios disparos de arma de fuego, presuntamente por un sujeto que de inmediato huy\u00f3 de la zona.<\/p>\n\n\n\n<p>Hasta el momento se desconoce la identidad del agresor, as\u00ed como los motivos por los cuales cometi\u00f3 el asesinato; presuntamente hubo testigos de ello, que aportar\u00edan los datos para la localizaci\u00f3n.<\/p>\n\n\n\n<p>Personal de la Vicefiscal\u00eda Regional de la Cuenca, dependiente de la Fiscal\u00eda General del Estado de Oaxaca, inici\u00f3 las indagatorias correspondientes.<\/p>\n\n\n\n<p>Hasta esta noche, no se ha reportado alguna detenci\u00f3n relacionada con este homicidio.<\/p>\n\n\n\n<p>Por otra parte, como se inform\u00f3 previamente, la madrugada de hoy en un mini s\u00faper, fue asesinado un joven de aproximadamente 26 a\u00f1os de edad, en jurisdicci\u00f3n de San Jacinto Amilpas, municipio colindante con la ciudad de Oaxaca por la zona poniente.<\/p>\n","protected":false},"excerpt":{"rendered":"<p>Redacci\u00f3n\/Zona Roja. Oaxaca de Ju\u00e1rez, Oax., a 17 de junio de 2023.- Una segunda persona&hellip;<\/p>\n","protected":false},"author":2,"featured_media":55667,"comment_status":"closed","ping_status":"open","sticky":false,"template":"","format":"standard","meta":{"_lmt_disableupdate":"","_lmt_disable":"","_jetpack_memberships_contains_paid_content":false,"footnotes":""},"categories":[1,51],"tags":[],"class_list":["post-56580","post","type-post","status-publish","format-standard","has-post-thumbnail","hentry","category-sin-categoria","category-zona-roja"],"jetpack_featured_media_url":"https:\/\/zonaroja.com.mx\/wp-content\/uploads\/2023\/05\/Escena-del-crimen-violencia.jpg","jetpack_sharing_enabled":true,"_links":{"self":[{"href":"https:\/\/zonaroja.com.mx\/index.php?rest_route=\/wp\/v2\/posts\/56580","targetHints":{"allow":["GET"]}}],"collection":[{"href":"https:\/\/zonaroja.com.mx\/index.php?rest_route=\/wp\/v2\/posts"}],"about":[{"href":"https:\/\/zonaroja.com.mx\/index.php?rest_route=\/wp\/v2\/types\/post"}],"author":[{"embeddable":true,"href":"https:\/\/zonaroja.com.mx\/index.php?rest_route=\/wp\/v2\/users\/2"}],"replies":[{"embeddable":true,"href":"https:\/\/zonaroja.com.mx\/index.php?rest_route=%2Fwp%2Fv2%2Fcomments&post=56580"}],"version-history":[{"count":1,"href":"https:\/\/zonaroja.com.mx\/index.php?rest_route=\/wp\/v2\/posts\/56580\/revisions"}],"predecessor-version":[{"id":56581,"href":"https:\/\/zonaroja.com.mx\/index.php?rest_route=\/wp\/v2\/posts\/56580\/revisions\/56581"}],"wp:featuredmedia":[{"embeddable":true,"href":"https:\/\/zonaroja.com.mx\/index.php?rest_route=\/wp\/v2\/media\/55667"}],"wp:attachment":[{"href":"https:\/\/zonaroja.com.mx\/index.php?rest_route=%2Fwp%2Fv2%2Fmedia&parent=56580"}],"wp:term":[{"taxonomy":"category","embeddable":true,"href":"https:\/\/zonaroja.com.mx\/index.php?rest_route=%2Fwp%2Fv2%2Fcategories&post=56580"},{"taxonomy":"post_tag","embeddable":true,"href":"https:\/\/zonaroja.com.mx\/index.php?rest_route=%2Fwp%2Fv2%2Ftags&post=56580"}],"curies":[{"name":"wp","href":"https:\/\/api.w.org\/{rel}","templated":true}]}}