{"id":56582,"date":"2023-06-18T08:14:40","date_gmt":"2023-06-18T13:14:40","guid":{"rendered":"http:\/\/www.zonaroja.com.mx\/?p=56582"},"modified":"2023-06-18T08:14:42","modified_gmt":"2023-06-18T13:14:42","slug":"inician-rehabilitacion-de-carretera-xoxocotlan-el-tequio","status":"publish","type":"post","link":"https:\/\/zonaroja.com.mx\/?p=56582","title":{"rendered":"Inician rehabilitaci\u00f3n de carretera Xoxocotl\u00e1n-El Tequio"},"content":{"rendered":"\n<p>Redacci\u00f3n\/Zona Roja Cdmx.<\/p>\n\n\n\n<p>Oaxaca de Ju\u00e1rez, Oax., a 18 de junio de 2023.- &nbsp;El presidente municipal de Santa Cruz Xoxocotl\u00e1n, Inocente Castellanos Alejos, anunci\u00f3 el arranque de las obras de rehabilitaci\u00f3n de pavimento en el camino que conecta a este municipio con San Agust\u00edn de las Juntas (camino a El Tequio), obra con la que se da respuesta, en esta administraci\u00f3n, a las demandas ciudadanas de muchos a\u00f1os.<\/p>\n\n\n\n<p>Al respecto, el edil xoxe\u00f1o inform\u00f3 que los trabajos se realizar\u00e1n a partir de este lunes 19 de junio, en una longitud de 696 metros cuadrados aproximadamente, que abarcan el tramo Universidad La Salle al fraccionamiento El Pedregal, misma que se realizar\u00e1 por bloques en un tiempo aproximado de 40 d\u00edas, dependiendo de las condiciones del clima.<\/p>\n\n\n\n<p>El doctor \u201cChente\u201d Castellanos asever\u00f3 que esta v\u00eda siempre ha sido una de las prioridades de su gobierno, sin embargo, record\u00f3 que las condiciones econ\u00f3micas en las que recibi\u00f3 la administraci\u00f3n no permitieron en lo inmediato atender esta tarea.<\/p>\n\n\n\n<p>\u201cSoy un presidente de respuestas y no trato de justificar el retraso de la obra, pero s\u00ed es necesario que la comunidad sepa que la gesti\u00f3n de los recursos para atender esta acci\u00f3n, no es un tema que se resuelva de la noche a la ma\u00f1ana, mucho menos, cuando nos dejaron las arcas vac\u00edas\u201d, se\u00f1al\u00f3.<\/p>\n\n\n\n<p>A\u00f1adi\u00f3 que, desde su llegada, realiz\u00f3 una serie de gestiones a fin de contar con los recursos necesarios para atender esta demanda ciudadana; hoy, agreg\u00f3, la obra se realizar\u00e1 por un esfuerzo extraordinario que har\u00e1 su administraci\u00f3n, para dar respuesta a la poblaci\u00f3n.<\/p>\n\n\n\n<p>Inform\u00f3 que debido a las condiciones clim\u00e1ticas la ejecuci\u00f3n no hab\u00eda sido posible, sin embargo, es momento de iniciarla, dijo.<\/p>\n\n\n\n<p>\u201cS\u00e9 que es muy dif\u00edcil que la sociedad comprenda los motivos que han frenado la realizaci\u00f3n de esta obra, si fuera un asunto que dependiera solo de m\u00ed, no duden que se hubiera hecho de inmediato\u201d, expuso.<\/p>\n\n\n\n<p>PARTICIPACI\u00d3N CIUDADANA<\/p>\n\n\n\n<p>El mun\u00edcipe llam\u00f3 a la comprensi\u00f3n de vecinos y poblaci\u00f3n que circula por la zona, debido a que los trabajos requerir\u00e1n del cierre parcial o total de la v\u00eda de acuerdo con la log\u00edstica de los trabajos a realizar.<\/p>\n\n\n\n<p>\u201cA partir de este lunes, se cerrar\u00e1 el carril que viene de San Agust\u00edn de las Juntas a Santa Cruz Xoxocotl\u00e1n \u2014de oriente a poniente\u2014, en el tramo que considera la Universidad La Salle a unos metros delante del fraccionamiento El Pedregal, por ello, apel\u00f3 a la comprensi\u00f3n de las y los vecinos, as\u00ed como de los conductores que transitan por el lugar\u201d, puntualiz\u00f3.<\/p>\n\n\n\n<p>Por \u00faltimo, reiter\u00f3 su llamado a la poblaci\u00f3n para que tome las medidas necesarias a fin de que los trabajos no afecten sus tiempos de traslado.<\/p>\n","protected":false},"excerpt":{"rendered":"<p>Redacci\u00f3n\/Zona Roja Cdmx. Oaxaca de Ju\u00e1rez, Oax., a 18 de junio de 2023.- &nbsp;El presidente&hellip;<\/p>\n","protected":false},"author":2,"featured_media":56583,"comment_status":"closed","ping_status":"open","sticky":false,"template":"","format":"standard","meta":{"_lmt_disableupdate":"","_lmt_disable":"","_jetpack_memberships_contains_paid_content":false,"footnotes":""},"categories":[109,46],"tags":[133],"class_list":["post-56582","post","type-post","status-publish","format-standard","has-post-thumbnail","hentry","category-minuto-a-minuto","category-zona-blanca","tag-santa-cruz-xoxocotlan"],"jetpack_featured_media_url":"https:\/\/zonaroja.com.mx\/wp-content\/uploads\/2023\/06\/Iniciara-pavimentacion-Xoxocotlan.jpg","jetpack_sharing_enabled":true,"_links":{"self":[{"href":"https:\/\/zonaroja.com.mx\/index.php?rest_route=\/wp\/v2\/posts\/56582","targetHints":{"allow":["GET"]}}],"collection":[{"href":"https:\/\/zonaroja.com.mx\/index.php?rest_route=\/wp\/v2\/posts"}],"about":[{"href":"https:\/\/zonaroja.com.mx\/index.php?rest_route=\/wp\/v2\/types\/post"}],"author":[{"embeddable":true,"href":"https:\/\/zonaroja.com.mx\/index.php?rest_route=\/wp\/v2\/users\/2"}],"replies":[{"embeddable":true,"href":"https:\/\/zonaroja.com.mx\/index.php?rest_route=%2Fwp%2Fv2%2Fcomments&post=56582"}],"version-history":[{"count":1,"href":"https:\/\/zonaroja.com.mx\/index.php?rest_route=\/wp\/v2\/posts\/56582\/revisions"}],"predecessor-version":[{"id":56584,"href":"https:\/\/zonaroja.com.mx\/index.php?rest_route=\/wp\/v2\/posts\/56582\/revisions\/56584"}],"wp:featuredmedia":[{"embeddable":true,"href":"https:\/\/zonaroja.com.mx\/index.php?rest_route=\/wp\/v2\/media\/56583"}],"wp:attachment":[{"href":"https:\/\/zonaroja.com.mx\/index.php?rest_route=%2Fwp%2Fv2%2Fmedia&parent=56582"}],"wp:term":[{"taxonomy":"category","embeddable":true,"href":"https:\/\/zonaroja.com.mx\/index.php?rest_route=%2Fwp%2Fv2%2Fcategories&post=56582"},{"taxonomy":"post_tag","embeddable":true,"href":"https:\/\/zonaroja.com.mx\/index.php?rest_route=%2Fwp%2Fv2%2Ftags&post=56582"}],"curies":[{"name":"wp","href":"https:\/\/api.w.org\/{rel}","templated":true}]}}