{"id":56585,"date":"2023-06-18T11:00:00","date_gmt":"2023-06-18T16:00:00","guid":{"rendered":"http:\/\/www.zonaroja.com.mx\/?p=56585"},"modified":"2023-06-18T08:16:01","modified_gmt":"2023-06-18T13:16:01","slug":"en-mexico-hasta-75-de-padres-ausentes-incumple-en-crianza-y-pension","status":"publish","type":"post","link":"https:\/\/zonaroja.com.mx\/?p=56585","title":{"rendered":"En M\u00e9xico, hasta 75%\u00a0 de padres ausentes incumple en crianza y pensi\u00f3n"},"content":{"rendered":"\n<p>Redacci\u00f3n\/Zona Roja Cdmx.<\/p>\n\n\n\n<p>Ciudad de M\u00e9xico, a 18 de junio de 2023.- Todos los a\u00f1os, cada tercer domingo del mes de junio se celebra el D\u00eda del Padre en M\u00e9xico.<\/p>\n\n\n\n<p>A pesar de ser una fecha especial en la que se festeja a los padres responsables, amorosos y que cumplen con todo lo que una figura paterna debe brindarle a sus hijos, existe una gran parte de la poblaci\u00f3n tambi\u00e9n utiliza la fecha para recordar aquellos padres que son todo lo contrario.<\/p>\n\n\n\n<p>A\u00fan cuando no existe un registro oficial de la personas que se encuentran en esa situaci\u00f3n en el pa\u00eds, se estima que hay un total de 35 millones de deudores alimentarios morosos, de acuerdo con informaci\u00f3n proporcionada por organizaciones civiles como la Red Nacional de Deudores Alimentarios.<\/p>\n\n\n\n<p>Seg\u00fan los datos publicados por el Instituto Nacional de Estad\u00edstica y Geograf\u00eda (INEGI), aproximadamente 13.4 millones de mujeres mexicanas, es decir casi el 35% de este sector, sufre violencia econ\u00f3mica.&nbsp;<\/p>\n\n\n\n<p>De acuerdo con la instituci\u00f3n, al menos tres de cada cuatro hijos de padres separados no reciben pensi\u00f3n, lo que se traduce al 75% de los casos que se encuentran en el territorio mexicano.<\/p>\n\n\n\n<p>Asimismo, m\u00e1s del 67% de las m\u00e1s de cuatro millones de madres solteras se enfrentan a la evasi\u00f3n de sus exparejas respecto a las obligaciones alimentarias. Por tal motivo, mujeres integrantes del Frente Nacional contra Deudores Alimentarios emprendieron acciones con el fin de exhibir a padres de familia que no pagan la pensi\u00f3n de sus hijos o que no los reconocen.<\/p>\n\n\n\n<p>LA LEY<\/p>\n\n\n\n<p>Actualmente son tan reconocidos dichos casos que durante los \u00faltimos d\u00edas de mayo se public\u00f3 en el Diario Oficial de la Federaci\u00f3n (DOF), la llamada Ley 3 de 3 contra agresores de mujeres y deudores del pago de pensiones alimentarias, la cual impide a personas que se encuentren en dicha situaci\u00f3n ocupar cargos p\u00fablicos y de elecci\u00f3n popular.<\/p>\n\n\n\n<p>Es decir, que en esos casos la persona interesada no podr\u00e1 ser registrada como candidata para cualquier cargo de elecci\u00f3n popular, no podr\u00e1 ser nombrada para alg\u00fan empleo, cargo o comisi\u00f3n en el servicio p\u00fablico, de acuerdo con la informaci\u00f3n compartida por la C\u00e1mara de Diputados.<\/p>\n\n\n\n<p>Dicha ley entr\u00f3 en vigor desde los primeros d\u00edas de junio del presente a\u00f1o y estableci\u00f3 la suspensi\u00f3n de derechos a los violentadores de mujeres y deudores alimentarios. La legislaci\u00f3n aplicar\u00e1 a cualquier persona que cuente con una sentencia firme por la comisi\u00f3n intencional de \u201cdelitos contra la vida y la integridad corporal, la libertad y seguridad sexuales, el normal desarrollo psicosexual, la violencia familiar, la violencia familiar equiparada o dom\u00e9stica, la violaci\u00f3n a la intimidad sexual, o la violencia pol\u00edtica contra las mujeres en raz\u00f3n de g\u00e9nero en cualquiera de sus modalidades\u201d.<\/p>\n\n\n\n<p>Ante ello, en el Senado de la Rep\u00fablica a finales de marzo de 2023 se aprob\u00f3 por unanimidad la creaci\u00f3n del Registro Nacional de Deudores Alimentarios, mismo que ser\u00e1 de car\u00e1cter p\u00fablico y que abarcar\u00e1 m\u00faltiples limitantes para las personas que sean registradas.<\/p>\n\n\n\n<p>Este proyecto deriv\u00f3 de una serie de reformas a la Ley General de los Derechos de Ni\u00f1as, Ni\u00f1os y Adolescentes, la cual buscar\u00e1 garantizar que personas deudoras de manutenci\u00f3n cumplan con sus obligaciones y al mismo tiempo los menores de edad puedan gozar de la pensi\u00f3n alimentaria.<\/p>\n\n\n\n<p>La minuta fue aprobada por la C\u00e1mara de Diputados y enviada al Senado desde 2019; sin embargo, fue congelada por cuatro a\u00f1os hasta que la senadora Olga S\u00e1nchez Cordero, presidenta de la Comisi\u00f3n de Justicia, la rescat\u00f3 nuevamente.<\/p>\n\n\n\n<p>Por tal motivo, fue aceptada por las Comisiones Unidas de Justicia y Estudios Legislativos Primera el pasado 22 de febrero y pasada al Pleno el pasado mi\u00e9rcoles 22 de marzo, donde fue finalmente aprobada.<\/p>\n\n\n\n<p>PADRES SOLTEROS<\/p>\n\n\n\n<p>De acuerdo con estudio publicado por el Instituto Nacional de Estad\u00edstica y Geograf\u00eda (Inegi), datos relacionados con el Censo de Poblaci\u00f3n y Vivienda de 2020, dentro del territorio mexicano existen 21.2 millones de hombres que son padres, de ese porcentaje el 93.5% mencionaron estar casados o en uni\u00f3n libre, el 5.9% est\u00e1n separados y \u00fanicamente el 0.5% son padres solteros.<\/p>\n\n\n\n<p>A pesar de que se trata de un porcentaje m\u00ednimo en comparaci\u00f3n de las cifras de madres solteras, los padres que se dedican solamente al cuidado de sus hijos se enfrentan a una discriminaci\u00f3n y rezago en diversos \u00e1mbitos, ya que muchos de ellos son excluidos de apoyos sociales al no ser reconocidos como un grupo vulnerable dentro de la sociedad.<\/p>\n\n\n\n<p>Motivo por el cual se le considera como un acto de discriminaci\u00f3n hacia los hombres que cr\u00edan a sus hijos solos, pues la falta de acceso a los programas sociales y apoyos econ\u00f3micos para sostener a sus hijos. Asimismo, las leyes cuentan con m\u00faltiples estigmas sociales respecto al tema de padres solteros, ya que se considera que el hombre no puede cumplir con ese rol como normalmente lo har\u00eda una mujer.<\/p>\n\n\n\n<p>En ese sentido es importante tener en cuenta el labor de los hombres que se encargan de los labores del hogar y de la crianza de los hijos por su propia cuenta, pues adem\u00e1s se comprometen a sacar adelante un hogar.<\/p>\n\n\n\n<p>Siguiendo la l\u00ednea, una de las principales caracter\u00edsticas con mayor v\u00ednculo entre las condiciones del hogar de origen y la trayectoria de los hijos son los logros educativos. Para 2020, la estructura por nivel de escolaridad de los padres identificados en la vivienda era sumamente desigual, ya que que 4.5% indic\u00f3 no contar con nivel escolar alguno, el 55.8% mencion\u00f3 tener estudios a nivel b\u00e1sico, el 20.8 % estudios a nivel medio superior y solamente el 18.8 % alcanz\u00f3 estudios a nivel superior.<\/p>\n\n\n\n<p>De tal forma que en 2020 los censos arrojaron que de ese porcentaje el 86.9% pertenec\u00eda al sector de la Poblaci\u00f3n Econ\u00f3micamente Activa (PEA), ese sector se identificaba por tener m\u00e1s de 15 a\u00f1os, mismos que fueron catalogados como padres en la vivienda en la habitaban. De ellos, el 97.4% se encontraban ocupados en alguna actividad econ\u00f3mica, mientras que 2.3% hab\u00eda buscado trabajo.<\/p>\n\n\n\n<p>Del total de padres que eran trabajadores asalariados, el 64.3% recib\u00eda alg\u00fan tipo de prestaci\u00f3n y el 35.6% no, el 60.4% recib\u00eda aguinaldo, 55% ten\u00eda servicio m\u00e9dico, a 53.7% le daban vacaciones con goce de sueldo. Mientras que la mitad de los padres asalariados (50.2%) ten\u00eda AFORE o SAR y 48.9% contaba con licencia con goce de sueldo. 47.4% ten\u00eda acceso a cr\u00e9dito para la vivienda y 38.1% recib\u00eda reparto de utilidades.<\/p>\n\n\n\n<p>(Informaci\u00f3n de Infobae M\u00e9xico)<\/p>\n","protected":false},"excerpt":{"rendered":"<p>Redacci\u00f3n\/Zona Roja Cdmx. Ciudad de M\u00e9xico, a 18 de junio de 2023.- Todos los a\u00f1os,&hellip;<\/p>\n","protected":false},"author":2,"featured_media":42555,"comment_status":"closed","ping_status":"open","sticky":false,"template":"","format":"standard","meta":{"_lmt_disableupdate":"","_lmt_disable":"","_jetpack_memberships_contains_paid_content":false,"footnotes":""},"categories":[109,47],"tags":[],"class_list":["post-56585","post","type-post","status-publish","format-standard","has-post-thumbnail","hentry","category-minuto-a-minuto","category-zona-gris"],"jetpack_featured_media_url":"https:\/\/zonaroja.com.mx\/wp-content\/uploads\/2022\/06\/Dia-del-Padre.jpeg","jetpack_sharing_enabled":true,"_links":{"self":[{"href":"https:\/\/zonaroja.com.mx\/index.php?rest_route=\/wp\/v2\/posts\/56585","targetHints":{"allow":["GET"]}}],"collection":[{"href":"https:\/\/zonaroja.com.mx\/index.php?rest_route=\/wp\/v2\/posts"}],"about":[{"href":"https:\/\/zonaroja.com.mx\/index.php?rest_route=\/wp\/v2\/types\/post"}],"author":[{"embeddable":true,"href":"https:\/\/zonaroja.com.mx\/index.php?rest_route=\/wp\/v2\/users\/2"}],"replies":[{"embeddable":true,"href":"https:\/\/zonaroja.com.mx\/index.php?rest_route=%2Fwp%2Fv2%2Fcomments&post=56585"}],"version-history":[{"count":1,"href":"https:\/\/zonaroja.com.mx\/index.php?rest_route=\/wp\/v2\/posts\/56585\/revisions"}],"predecessor-version":[{"id":56586,"href":"https:\/\/zonaroja.com.mx\/index.php?rest_route=\/wp\/v2\/posts\/56585\/revisions\/56586"}],"wp:featuredmedia":[{"embeddable":true,"href":"https:\/\/zonaroja.com.mx\/index.php?rest_route=\/wp\/v2\/media\/42555"}],"wp:attachment":[{"href":"https:\/\/zonaroja.com.mx\/index.php?rest_route=%2Fwp%2Fv2%2Fmedia&parent=56585"}],"wp:term":[{"taxonomy":"category","embeddable":true,"href":"https:\/\/zonaroja.com.mx\/index.php?rest_route=%2Fwp%2Fv2%2Fcategories&post=56585"},{"taxonomy":"post_tag","embeddable":true,"href":"https:\/\/zonaroja.com.mx\/index.php?rest_route=%2Fwp%2Fv2%2Ftags&post=56585"}],"curies":[{"name":"wp","href":"https:\/\/api.w.org\/{rel}","templated":true}]}}