{"id":56587,"date":"2023-06-18T12:16:00","date_gmt":"2023-06-18T17:16:00","guid":{"rendered":"http:\/\/www.zonaroja.com.mx\/?p=56587"},"modified":"2023-06-18T08:17:29","modified_gmt":"2023-06-18T13:17:29","slug":"condena-a-sujeto-por-secuestro-y-asesinato-de-odontologo-en-oaxaca","status":"publish","type":"post","link":"https:\/\/zonaroja.com.mx\/?p=56587","title":{"rendered":"Condena a sujeto por secuestro y asesinato de odont\u00f3logo en Oaxaca\u00a0"},"content":{"rendered":"\n<p>Redacci\u00f3n\/Zona Roja.&nbsp;<\/p>\n\n\n\n<p>Oaxaca de Ju\u00e1rez, Oax., a 18 de junio de 2023.-&nbsp;La Fiscal\u00eda General del Estado de Oaxaca (FGEO) obtuvo fallo condenatorio en contra de F. J. R. H., imputado por el delito de Secuestro Agravado, cometido en contra de un odont\u00f3logo, en la colonia centro de la ciudad de Oaxaca de Ju\u00e1rez.&nbsp;<\/p>\n\n\n\n<p>De acuerdo con lo asentado en el expediente penal del caso, los hechos sucedieron el 19 de diciembre de 2019, cuando F. J. R. H. y otra persona, ingresaron al lugar donde laboraba la v\u00edctima -identificada como E. D. C.-.<\/p>\n\n\n\n<p>En el sitio, los responsables se\u00f1alaron que secuestrar\u00edan a E. D. C., quien forceje\u00f3 con ellos, momento en que recibi\u00f3 un disparo que termin\u00f3 con su vida, mientras que las dos personas huyeron del lugar.<\/p>\n\n\n\n<p>Ante los hechos, la FGEO intervino a trav\u00e9s de la Fiscal\u00eda Especializada para la Atenci\u00f3n a Delitos de Alto Impacto que realiz\u00f3 las investigaciones correspondientes que permitieron ejecutar una orden de aprehensi\u00f3n contra el imputado.<\/p>\n\n\n\n<p>Al desahogar las pruebas, el Juez las evalu\u00f3 y dict\u00f3 fallo condenatorio en contra de F. J. R. H. como responsable del delito de Secuestro Agravado, adem\u00e1s que fij\u00f3 el 20 de junio del 2023, para la audiencia de individualizaci\u00f3n de sanciones y reparaci\u00f3n del da\u00f1o.<\/p>\n\n\n\n<p>La Fiscal\u00eda de Oaxaca cuenta con una Unidad Especializada en Combate al Secuestro, que est\u00e1 capacitada para la investigaci\u00f3n y resoluci\u00f3n ante la comisi\u00f3n de este tipo de delitos.<\/p>\n\n\n\n<p>UN VINCULADO A PROCESO<\/p>\n\n\n\n<p>Por otra parte, como resultado del trabajo de investigaci\u00f3n encabezado por la Fiscal\u00eda General del Estado, se logr\u00f3 la vinculaci\u00f3n a proceso y prisi\u00f3n preventiva en contra de una persona del sexo masculino identificada como C. D. H. H., imputado por el delito de Homicidio Calificado cometido en la regi\u00f3n de la Costa.<\/p>\n\n\n\n<p>De acuerdo con lo asentado en el expediente penal, los hechos sucedieron el 9 de enero del 2023, cuando un hombre identificado como E. L. N.- se encontraba en la parte trasera del centro de salud en el municipio de San Juan Cacahuatepec, lugar donde tambi\u00e9n se encontraba el atacante, quien agredi\u00f3 a la v\u00edctima con disparos de escopeta, lesiones que terminaron con su vida.<\/p>\n\n\n\n<p>Cuando la FGEO tuvo conocimiento de los hechos, el caso qued\u00f3 a cargo de la Vicefiscal\u00eda Regional de la Costa que inici\u00f3 las investigaciones a trav\u00e9s de la Fiscal\u00eda de Delitos de Alto Impacto, por lo que despleg\u00f3 a un equipo multidisciplinario que realiz\u00f3 las indagatorias en el lugar del crimen.<\/p>\n\n\n\n<p>Derivado de las investigaciones, se liber\u00f3 la orden de aprehensi\u00f3n que fue ejecutada en contra de C. D. H. H. quien fue detenido y puesto a disposici\u00f3n del Juez que lo requiri\u00f3; luego de evaluar las pruebas aportadas por la Fiscal\u00eda, se dict\u00f3 auto de vinculaci\u00f3n a proceso por el delito de Homicidio Calificado, adem\u00e1s que impuso prisi\u00f3n preventiva contra el imputado y otorg\u00f3 dos meses para el cierre de la investigaci\u00f3n.<\/p>\n","protected":false},"excerpt":{"rendered":"<p>Redacci\u00f3n\/Zona Roja.&nbsp; Oaxaca de Ju\u00e1rez, Oax., a 18 de junio de 2023.-&nbsp;La Fiscal\u00eda General del&hellip;<\/p>\n","protected":false},"author":2,"featured_media":51433,"comment_status":"closed","ping_status":"open","sticky":false,"template":"","format":"standard","meta":{"_lmt_disableupdate":"","_lmt_disable":"","_jetpack_memberships_contains_paid_content":false,"footnotes":""},"categories":[109,46],"tags":[494],"class_list":["post-56587","post","type-post","status-publish","format-standard","has-post-thumbnail","hentry","category-minuto-a-minuto","category-zona-blanca","tag-fiscalia-general-del-estado-de-oaxaca"],"jetpack_featured_media_url":"https:\/\/zonaroja.com.mx\/wp-content\/uploads\/2023\/02\/Apegada-a-protocolos-la-actuacion-de-juezas-y-jueces-1.jpeg","jetpack_sharing_enabled":true,"_links":{"self":[{"href":"https:\/\/zonaroja.com.mx\/index.php?rest_route=\/wp\/v2\/posts\/56587","targetHints":{"allow":["GET"]}}],"collection":[{"href":"https:\/\/zonaroja.com.mx\/index.php?rest_route=\/wp\/v2\/posts"}],"about":[{"href":"https:\/\/zonaroja.com.mx\/index.php?rest_route=\/wp\/v2\/types\/post"}],"author":[{"embeddable":true,"href":"https:\/\/zonaroja.com.mx\/index.php?rest_route=\/wp\/v2\/users\/2"}],"replies":[{"embeddable":true,"href":"https:\/\/zonaroja.com.mx\/index.php?rest_route=%2Fwp%2Fv2%2Fcomments&post=56587"}],"version-history":[{"count":1,"href":"https:\/\/zonaroja.com.mx\/index.php?rest_route=\/wp\/v2\/posts\/56587\/revisions"}],"predecessor-version":[{"id":56588,"href":"https:\/\/zonaroja.com.mx\/index.php?rest_route=\/wp\/v2\/posts\/56587\/revisions\/56588"}],"wp:featuredmedia":[{"embeddable":true,"href":"https:\/\/zonaroja.com.mx\/index.php?rest_route=\/wp\/v2\/media\/51433"}],"wp:attachment":[{"href":"https:\/\/zonaroja.com.mx\/index.php?rest_route=%2Fwp%2Fv2%2Fmedia&parent=56587"}],"wp:term":[{"taxonomy":"category","embeddable":true,"href":"https:\/\/zonaroja.com.mx\/index.php?rest_route=%2Fwp%2Fv2%2Fcategories&post=56587"},{"taxonomy":"post_tag","embeddable":true,"href":"https:\/\/zonaroja.com.mx\/index.php?rest_route=%2Fwp%2Fv2%2Ftags&post=56587"}],"curies":[{"name":"wp","href":"https:\/\/api.w.org\/{rel}","templated":true}]}}