{"id":56592,"date":"2023-06-18T12:20:00","date_gmt":"2023-06-18T17:20:00","guid":{"rendered":"http:\/\/www.zonaroja.com.mx\/?p=56592"},"modified":"2023-06-18T08:21:37","modified_gmt":"2023-06-18T13:21:37","slug":"sin-freno-abusos-policiales-en-salina-cruz-ante-indolencia-de-edil","status":"publish","type":"post","link":"https:\/\/zonaroja.com.mx\/?p=56592","title":{"rendered":"Sin freno, abusos policiales en Salina Cruz, ante indolencia de edil"},"content":{"rendered":"\n<p>Yuridiana Sosa\/Zona Roja.<\/p>\n\n\n\n<p>Oaxaca de Ju\u00e1rez, Oax., a 18 de junio de 2023.- &nbsp;Elementos de la Polic\u00eda Municipal de Salina Cruz mantienen operativos abusivos y violentos contra la ciudadan\u00eda, a la que no s\u00f3lo trata de detener de forma irregular, tambi\u00e9n la golpea y roba pertenencias.<\/p>\n\n\n\n<p>Es el caso de la denuncia m\u00e1s reciente que la poblaci\u00f3n realiz\u00f3 este viernes, cuando cuatro elementos de la polic\u00eda municipal, del gobierno morenista de Daniel M\u00e9ndez Sosa, agredi\u00f3 a un joven hombre a plena luz del d\u00eda.<\/p>\n\n\n\n<p>Los actos violentos y abusivos de los polic\u00edas quedaron grabados y fueron exhibidos en redes sociales con el fin de que autoridades superiores act\u00faen contra los polic\u00edas y se acaben los abusos de su parte en Salina Cruz, pues la poblaci\u00f3n se encuentra harta de esas acciones.<\/p>\n\n\n\n<p>De acuerdo a testigos, la v\u00edctima es un trabajador de la empresa Megacable, a quien, sobre la v\u00eda p\u00fablica, en una de las calles principales de la ciudad, lo golpearon ante una supuesta diligencia de la polic\u00eda.<\/p>\n\n\n\n<p>Primero, tres elementos lo rodearon, uno de ellos lo sujet\u00f3 por la espalda y con el brazo sobre su cuello lo trat\u00f3 de inmovilizar mientras otros dos lo revisaron para quitarle algunas partencias. Despu\u00e9s, uno de los uniformados lo golpe\u00f3 en el est\u00f3mago.<\/p>\n\n\n\n<p>Minutos despu\u00e9s, un elemento m\u00e1s se uni\u00f3 a la agresi\u00f3n, mientras otro s\u00f3lo observaba la agresi\u00f3n.<\/p>\n\n\n\n<p>A trav\u00e9s de las publicaciones de esta denuncia, la ciudadan\u00eda tambi\u00e9n manifest\u00f3 su descontento contra el edil Daniel M\u00e9ndez, quien se mantiene omiso a las quejas ciudadanas por actos irregulares de sus elementos.<\/p>\n\n\n\n<p>CASO ABIGAIL<\/p>\n\n\n\n<p>Tras el caso de abuso policial que termin\u00f3 en la muerte de la joven Abigail Hay Urrutia en los separos municipales, en agosto de 2022, desde la 65 Legislatura del estado tambi\u00e9n se realiz\u00f3 un llamado al presidente municipal Daniel Mendoza.<\/p>\n\n\n\n<p>La Legislatura se\u00f1al\u00f3 la falta de actuaci\u00f3n del edil ante los operativos conjuntos que realizaba la polic\u00eda municipal y la vial para extorsionar a motociclistas y automovilistas en revisiones y retenes ilegales.<\/p>\n\n\n\n<p>Pero los cuales, adem\u00e1s, se han registrado desde a\u00f1os antes sin que ninguna autoridad ponga un alto a los abusos.<\/p>\n\n\n\n<p>Fue el 20 de agosto de 2022 que el uso excesivo de la fuerza, m\u00e1s los abusos, durante una detenci\u00f3n provocaron la muerte de la joven madre, Abigail Hay Urrutia.<\/p>\n\n\n\n<p>La joven fue bajada de su unidad de motor para subirla a una patrulla con uso de violencia entre varios elementos.<\/p>\n\n\n\n<p>Una vez en los separos municipales, de acuerdo a im\u00e1genes de videos difundidos, mujeres polic\u00edas contin\u00faan con la agresi\u00f3n f\u00edsica contra la joven, quien horas despu\u00e9s fue localizada sin vida dentro de la c\u00e1rcel.<\/p>\n\n\n\n<p>Por estos hechos, la impunidad en el orden municipal continu\u00f3, pues los polic\u00edas siguen en funciones.&nbsp;<\/p>\n","protected":false},"excerpt":{"rendered":"<p>Yuridiana Sosa\/Zona Roja. Oaxaca de Ju\u00e1rez, Oax., a 18 de junio de 2023.- &nbsp;Elementos de&hellip;<\/p>\n","protected":false},"author":2,"featured_media":33195,"comment_status":"closed","ping_status":"open","sticky":false,"template":"","format":"standard","meta":{"_lmt_disableupdate":"","_lmt_disable":"","_jetpack_memberships_contains_paid_content":false,"footnotes":""},"categories":[109,47],"tags":[168],"class_list":["post-56592","post","type-post","status-publish","format-standard","has-post-thumbnail","hentry","category-minuto-a-minuto","category-zona-gris","tag-salina-cruz"],"jetpack_featured_media_url":"https:\/\/zonaroja.com.mx\/wp-content\/uploads\/2021\/10\/Daniel-Mendez-Sosa.jpg","jetpack_sharing_enabled":true,"_links":{"self":[{"href":"https:\/\/zonaroja.com.mx\/index.php?rest_route=\/wp\/v2\/posts\/56592","targetHints":{"allow":["GET"]}}],"collection":[{"href":"https:\/\/zonaroja.com.mx\/index.php?rest_route=\/wp\/v2\/posts"}],"about":[{"href":"https:\/\/zonaroja.com.mx\/index.php?rest_route=\/wp\/v2\/types\/post"}],"author":[{"embeddable":true,"href":"https:\/\/zonaroja.com.mx\/index.php?rest_route=\/wp\/v2\/users\/2"}],"replies":[{"embeddable":true,"href":"https:\/\/zonaroja.com.mx\/index.php?rest_route=%2Fwp%2Fv2%2Fcomments&post=56592"}],"version-history":[{"count":1,"href":"https:\/\/zonaroja.com.mx\/index.php?rest_route=\/wp\/v2\/posts\/56592\/revisions"}],"predecessor-version":[{"id":56593,"href":"https:\/\/zonaroja.com.mx\/index.php?rest_route=\/wp\/v2\/posts\/56592\/revisions\/56593"}],"wp:featuredmedia":[{"embeddable":true,"href":"https:\/\/zonaroja.com.mx\/index.php?rest_route=\/wp\/v2\/media\/33195"}],"wp:attachment":[{"href":"https:\/\/zonaroja.com.mx\/index.php?rest_route=%2Fwp%2Fv2%2Fmedia&parent=56592"}],"wp:term":[{"taxonomy":"category","embeddable":true,"href":"https:\/\/zonaroja.com.mx\/index.php?rest_route=%2Fwp%2Fv2%2Fcategories&post=56592"},{"taxonomy":"post_tag","embeddable":true,"href":"https:\/\/zonaroja.com.mx\/index.php?rest_route=%2Fwp%2Fv2%2Ftags&post=56592"}],"curies":[{"name":"wp","href":"https:\/\/api.w.org\/{rel}","templated":true}]}}